{"id":37825,"date":"2026-01-12T06:57:37","date_gmt":"2026-01-12T05:57:37","guid":{"rendered":"https:\/\/ceylou.com\/wordpress\/?p=37825"},"modified":"2026-09-04T22:43:13","modified_gmt":"2026-09-04T20:43:13","slug":"reservations-cours-voile-habitable-lyon-decines","status":"publish","type":"post","link":"https:\/\/ceylou.com\/wordpress\/reservations-cours-voile-habitable-lyon-decines\/","title":{"rendered":"RESERVATIONS COURS VOILE HABITABLE Lyon Decines"},"content":{"rendered":"\n<h2 class=\"wp-block-heading has-text-align-center\">R\u00e9servations programme<br> toutes activit\u00e9s<br> voile<br>LYON ET MER<br><\/h2>\n\n\n\n<hr class=\"wp-block-separator has-alpha-channel-opacity\"\/>\n\n\n\n<h3 class=\"wp-block-heading has-text-align-center has-ast-global-color-2-color has-text-color has-link-color wp-elements-1\">A)<strong>S\u00e9ance activit\u00e9s<\/strong><br> <strong>Lyon D\u00e9cines<\/strong> <br>2026>2027<br> de 11H30 \u00e0 17H0 <br>-11H30 Pr\u00e9paration des bateaux<br>&#8211; puis repas tir\u00e9 du panier et briefing<br>&#8211;<strong>13H30 GREER ET DEPART SUR L&#8217;EAU<\/strong><br>&#8211; <strong>Les dates sont mises \u00e0 jour le vendredi soir minuit <br>et disponibles jusqu&#8217;au mercredi soir minuit<\/strong><br>B)<strong><mark style=\"background-color:rgba(0, 0, 0, 0);color:#cf2e2e\" class=\"has-inline-color\">ACCEDER Lyon et mer par MOIS?<\/mark><\/strong> <br><strong><mark style=\"background-color:rgba(0, 0, 0, 0);color:#cf2e2e\" class=\"has-inline-color\">CHOISIR UN MOIS PLUS BAS<\/mark><\/strong><\/h3>\n\n\n\n<p class=\"has-text-align-center has-pale-cyan-blue-background-color has-background wp-block-paragraph\"><em><em>Plus d\u2019infos :<a href=\"tel:&quot;33608740845&quot;\">tel:\u201d33608740845\u2033<\/a>&nbsp;<br>du lundi au samedi de 08h00 \u00e0 12h00 &amp; de 14h00 \u00e0 17h00<\/em><\/em><\/p>\n\n\n\n<h3 class=\"wp-block-heading has-text-align-center has-luminous-vivid-amber-background-color has-background\">RETOUR page ACTIVITES?  <br>carr\u00e9 vert CI-DESSOUS<\/h3>\n\n\n\n<hr class=\"wp-block-separator has-alpha-channel-opacity\"\/>\n\n\n\n<h3 class=\"wp-block-heading has-text-align-center\">NOS CATEGORIES POUR NAVIGUER SUR LE SITE<\/h3>\n\n\n<div id=\"metaslider-id-40840\" style=\"max-width: 500px;\" class=\"ml-slider-3-110-0 metaslider metaslider-flex metaslider-40840 ml-slider has-dots-nav ml-slider-lightbox-2-34-0 lightbox-disabled ms-theme-jenga\" role=\"region\" aria-label=\"Brigantine MENU VERT\" data-height=\"372\" data-width=\"500\">\n    <div id=\"metaslider_container_40840\">\n        <div id=\"metaslider_40840\">\n            <ul aria-live='off' class='slides'>\n                <li style=\"display: block; width: 100%;\" class=\"slide-40841 ms-image \" aria-roledescription=\"slide\" data-date=\"2026-06-26 07:49:16\" data-filename=\"Capture-decran-2026-05-27-a-03.28.14-352x262.png\" data-slide-type=\"image\"><a href=\"https:\/\/ceylou.com\/wordpress\/\" target=\"_self\" aria-label=\"ACCUEIL\" class=\"metaslider_image_link\"><img data-recalc-dims=\"1\" loading=\"lazy\" decoding=\"async\" src=\"https:\/\/i0.wp.com\/ceylou.com\/wordpress\/wp-content\/uploads\/2026\/05\/Capture-decran-2026-05-27-a-03.28.14.png?resize=500%2C372&#038;ssl=1\" height=\"372\" width=\"500\" alt=\"GALERIE MENU\" class=\"slider-40840 slide-40841 msDefaultImage\" title=\"Capture d\u2019\u00e9cran 2026-05-27 \u00e0 03.28.14\" \/><\/a><\/li>\n                <li style=\"display: none; width: 100%;\" class=\"slide-40842 ms-image \" aria-roledescription=\"slide\" data-date=\"2026-06-26 07:49:39\" data-filename=\"Activites-Brigantine-1-287x214.png\" data-slide-type=\"image\"><a href=\"https:\/\/ceylou.com\/wordpress\/naviguer-mer-voilier-ecole-stage\/\" target=\"_self\" aria-label=\"Nos activit\u00e9s\" class=\"metaslider_image_link\"><img data-recalc-dims=\"1\" loading=\"lazy\" decoding=\"async\" src=\"https:\/\/i0.wp.com\/ceylou.com\/wordpress\/wp-content\/uploads\/2026\/05\/Activites-Brigantine-1.png?resize=500%2C372&#038;ssl=1\" height=\"372\" width=\"500\" alt=\"\" class=\"slider-40840 slide-40842 msDefaultImage\" title=\"Activit\u00e9s Brigantine\" \/><\/a><\/li>\n                <li style=\"display: none; width: 100%;\" class=\"slide-40843 ms-image \" aria-roledescription=\"slide\" data-date=\"2026-06-26 07:49:57\" data-filename=\"Tarifs-Brigantine-282x209.png\" data-slide-type=\"image\"><a href=\"https:\/\/ceylou.com\/wordpress\/tarifs-brigantine\/\" target=\"_self\" aria-label=\"Tarifs\" class=\"metaslider_image_link\"><img data-recalc-dims=\"1\" loading=\"lazy\" decoding=\"async\" src=\"https:\/\/i0.wp.com\/ceylou.com\/wordpress\/wp-content\/uploads\/2026\/05\/Tarifs-Brigantine.png?resize=500%2C372&#038;ssl=1\" height=\"372\" width=\"500\" alt=\"\" class=\"slider-40840 slide-40843 msDefaultImage\" title=\"Tarifs Brigantine\" \/><\/a><\/li>\n                <li style=\"display: none; width: 100%;\" class=\"slide-40844 ms-image \" aria-roledescription=\"slide\" data-date=\"2026-06-26 07:50:13\" data-filename=\"News-Brigantin-279x208.png\" data-slide-type=\"image\"><a href=\"https:\/\/ceylou.com\/wordpress\/news-brigantine\/\" target=\"_self\" aria-label=\"News\" class=\"metaslider_image_link\"><img data-recalc-dims=\"1\" loading=\"lazy\" decoding=\"async\" src=\"https:\/\/i0.wp.com\/ceylou.com\/wordpress\/wp-content\/uploads\/2026\/05\/News-Brigantin.png?resize=500%2C372&#038;ssl=1\" height=\"372\" width=\"500\" alt=\"\" class=\"slider-40840 slide-40844 msDefaultImage\" title=\"News Brigantin\" \/><\/a><\/li>\n                <li style=\"display: none; width: 100%;\" class=\"slide-40845 ms-image \" aria-roledescription=\"slide\" data-date=\"2026-06-26 07:50:39\" data-filename=\"Photos-videos-Brigantine-284x212.png\" data-slide-type=\"image\"><a href=\"https:\/\/ceylou.com\/wordpress\/galeries\/\" target=\"_self\" aria-label=\"Galerie photos\" class=\"metaslider_image_link\"><img data-recalc-dims=\"1\" loading=\"lazy\" decoding=\"async\" src=\"https:\/\/i0.wp.com\/ceylou.com\/wordpress\/wp-content\/uploads\/2026\/05\/Photos-videos-Brigantine.png?resize=500%2C372&#038;ssl=1\" height=\"372\" width=\"500\" alt=\"\" class=\"slider-40840 slide-40845 msDefaultImage\" title=\"Photos vid\u00e9os Brigantine\" \/><\/a><\/li>\n                <li style=\"display: none; width: 100%;\" class=\"slide-40846 ms-image \" aria-roledescription=\"slide\" data-date=\"2026-06-26 07:51:03\" data-filename=\"Class7-aspro-282x210.png\" data-slide-type=\"image\"><a href=\"https:\/\/ceylou.com\/wordpress\/first-class7-association\/\" target=\"_self\" aria-label=\"Class7 association\" class=\"metaslider_image_link\"><img data-recalc-dims=\"1\" loading=\"lazy\" decoding=\"async\" src=\"https:\/\/i0.wp.com\/ceylou.com\/wordpress\/wp-content\/uploads\/2026\/05\/Class7-aspro.png?resize=500%2C372&#038;ssl=1\" height=\"372\" width=\"500\" alt=\"\" class=\"slider-40840 slide-40846 msDefaultImage\" title=\"Class7 aspro\" \/><\/a><\/li>\n            <\/ul>\n        <div class='flex-progress-bar'><\/div>\n        <\/div>\n        \n    <\/div>\n<\/div>\n\n\n\n<hr class=\"wp-block-separator has-alpha-channel-opacity\"\/>\n\n\n\n<h3 class=\"wp-block-heading has-text-align-center\"><strong><mark style=\"background-color:rgba(0, 0, 0, 0);color:#cf2e2e\" class=\"has-inline-color\">S\u00e9lectionnez un mois<\/mark><\/strong> <br>POUR DISPONIBILITES DATES <br>Cours permanences Bapt\u00eames, stages Mer..<\/h3>\n\n\n\n<div class=\"wp-block-media-text is-stacked-on-mobile\" style=\"grid-template-columns:30% auto\"><figure class=\"wp-block-media-text__media\"><img data-recalc-dims=\"1\" decoding=\"async\" src=\"https:\/\/i0.wp.com\/ceylou.com\/wordpress\/wp-content\/uploads\/2019\/09\/Marins-navigateurs-skippers--jpeg.webp?ssl=1\" alt=\"MARINS NAVIGATEURS C'est qui? C'est quoi\" class=\"wp-image-6784 size-full\"\/><\/figure><div class=\"wp-block-media-text__content\">\n<h2 class=\"wp-block-heading has-text-align-center\" id=\"mois\"><strong>CHOISIR UN MOIS<\/strong><\/h2>\n\n\n\n<ul class=\"wp-block-list has-pale-cyan-blue-background-color has-background\">\n<li><a href=\"#juillet\">J<strong>UILLET&gt;<\/strong><\/a><\/li>\n\n\n\n<li><a href=\"#aout\"><strong>AOUT26&gt;<\/strong><\/a><\/li>\n\n\n\n<li><a href=\"#septembre\"><strong>SEPT26&gt;<\/strong><\/a><\/li>\n\n\n\n<li><a href=\"#octobre\"><strong>OCT26&gt;<\/strong><\/a><\/li>\n\n\n\n<li><a href=\"#NOVEMBRE26\"><strong>NOV26<\/strong><\/a><\/li>\n\n\n\n<li><a href=\"#Decembre26\">DEC26<\/a><\/li>\n\n\n\n<li><a href=\"#Janvier27\">JANV27<\/a><\/li>\n\n\n\n<li><a href=\"#F\u00e9vrier27\">FEV27<\/a><\/li>\n\n\n\n<li><a href=\"#Mars27\">MARS27<\/a><\/li>\n\n\n\n<li><a href=\"#Avril27\">AVRIL27<\/a><\/li>\n\n\n\n<li><a href=\"#Mai27\">MAI27<\/a><\/li>\n\n\n\n<li><a href=\"#Juin27\">JUIN27<\/a><\/li>\n\n\n\n<li><a href=\"#Juillet27\">JUILLET27<\/a><\/li>\n\n\n\n<li><a href=\"#Ao\u00fbt27\">AOUT27<\/a><\/li>\n\n\n\n<li><a href=\"#Sept27\">SEPT27<\/a><\/li>\n<\/ul>\n\n\n\n<p class=\"has-text-align-center wp-block-paragraph\"><br><\/p>\n<\/div><\/div>\n\n\n\n<hr class=\"wp-block-separator has-alpha-channel-opacity\"\/>\n\n\n\n<div class=\"wp-block-media-text is-stacked-on-mobile is-vertically-aligned-top\" style=\"grid-template-columns:16% auto\"><figure class=\"wp-block-media-text__media\"><img data-recalc-dims=\"1\" loading=\"lazy\" decoding=\"async\" width=\"150\" height=\"113\" src=\"https:\/\/i0.wp.com\/ceylou.com\/wordpress\/wp-content\/uploads\/2021\/01\/Cours-inscription-jpg.webp?resize=150%2C113&#038;ssl=1\" alt=\"cours voile lyon\" class=\"wp-image-8842 size-full\"\/><\/figure><div class=\"wp-block-media-text__content\">\n<h3 class=\"wp-block-heading has-text-align-center\"><strong>COURS, BAPT\u00cbMES, PERMANENCES<\/strong><br><strong> JUIN<\/strong><\/h3>\n\n\n\n<ul class=\"wp-block-list\">\n<li><img data-recalc-dims=\"1\" decoding=\"async\" class=\"wp-image-4438\" style=\"width: 150px;\" src=\"https:\/\/i0.wp.com\/ceylou.com\/wordpress\/wp-content\/uploads\/2020\/05\/ARTICLE-bowman_singe_N1-jpg.webp?ssl=1\" alt=\"cours \u00e9quipier Singe\"><br><strong>Calendrier permanences obligatoires <\/strong><br><strong>membres Brigantine:<a href=\"https:\/\/ceylou.com\/wordpress\/reservations-permanences-brigantine-lyon-decines\/\">Lire et r\u00e9server&gt;<\/a><\/strong><\/li>\n\n\n\n<li><img data-recalc-dims=\"1\" loading=\"lazy\" decoding=\"async\" width=\"150\" height=\"113\" class=\"wp-image-8842\" style=\"width: 150px;\" src=\"https:\/\/i0.wp.com\/ceylou.com\/wordpress\/wp-content\/uploads\/2021\/01\/Cours-inscription-jpg.webp?resize=150%2C113&#038;ssl=1\" alt=\"cours voile lyon\"><br>Cours &amp; Bapt\u00eames <strong>SAMEDI<\/strong><br><strong><a href=\"https:\/\/ceylou.com\/wordpress\/event\/cours-voile-lyon-mois06-27-juin-26-samedi-11h3017h00\/\">27 JUIN 26:RESERVEZ<\/a><\/strong><\/li>\n\n\n\n<li><strong>DIMANCHE<\/strong><br><strong>28 JUIN 26<\/strong>:<strong><a href=\"https:\/\/ceylou.com\/wordpress\/event\/cours-voile-lyon-mois06-28-juin-26-dimanche-11h3017h00-2\/\">RESERVEZ<\/a><\/strong><\/li>\n\n\n\n<li><img data-recalc-dims=\"1\" decoding=\"async\" class=\"wp-image-4438\" style=\"width: 150px;\" src=\"https:\/\/i0.wp.com\/ceylou.com\/wordpress\/wp-content\/uploads\/2020\/05\/ARTICLE-bowman_singe_N1-jpg.webp?ssl=1\" alt=\"cours \u00e9quipier Singe\"><br><strong>Calendrier permanences obligatoires <\/strong><br><strong>membres Brigantine:<a href=\"https:\/\/ceylou.com\/wordpress\/reservations-permanences-brigantine-lyon-decines\/\">Lire et r\u00e9server&gt;<\/a><\/strong><\/li>\n\n\n\n<li>SUITE PROBLEMES LES <strong>COURS DU MERCREDI<\/strong> <br>REPRENDRONT EN SEPTEMBRE2026<\/li>\n<\/ul>\n<\/div><\/div>\n\n\n\n<hr class=\"wp-block-separator has-alpha-channel-opacity\" id=\"juillet\"\/>\n\n\n\n<div class=\"wp-block-media-text is-stacked-on-mobile is-vertically-aligned-top\" style=\"grid-template-columns:15% auto\"><figure  class=\"wp-block-media-text__media\"><img data-recalc-dims=\"1\" loading=\"lazy\" decoding=\"async\" width=\"150\" height=\"113\" alt=\"cours voile lyon et M\u00e9diterran\u00e9e\" src=\"https:\/\/i0.wp.com\/ceylou.com\/wordpress\/wp-content\/uploads\/2021\/01\/Cours-inscription-jpg.webp?resize=150%2C113&#038;ssl=1\" class=\"wp-image-8842 size-full\"><\/figure><div class=\"wp-block-media-text__content\">\n<h3 class=\"wp-block-heading has-text-align-center\"><strong>COURS, BAPT\u00cbMES, PERMANENCES<\/strong><br> <strong>JUILLET<\/strong><\/h3>\n\n\n\n<ul class=\"wp-block-list\">\n<li><strong>CSAMEDI 04 JUILLET<\/strong>:<a href=\"https:\/\/ceylou.com\/wordpress\/event\/cours-voile-lyon-mois07-04-juillet-26-samedi-11h3017h00\/\"><strong>RESERVEZ<\/strong><\/a>\n<ul class=\"wp-block-list\">\n<li><strong>CDIMANCHE 05 JUILLET<\/strong>:<a href=\"https:\/\/ceylou.com\/wordpress\/event\/cours-voile-lyon-mois07-05-juillet-26-dimanche-11h3017h00\/\"><strong>RESERVEZ<\/strong><\/a><\/li>\n<\/ul>\n<\/li>\n\n\n\n<li><strong>SAMEDI<\/strong> 11 JUILLET SAMEDI :<a href=\"https:\/\/ceylou.com\/wordpress\/event\/cours-voile-lyon-mois07-11-juillet-26-samedi-11h3017h00\/\"><strong>RESERVEZ<\/strong><\/a>\n<ul class=\"wp-block-list\">\n<li><strong>DIMANCHE <\/strong>12 JUILLET :<a href=\"https:\/\/ceylou.com\/wordpress\/event\/cours-voile-lyon-mois07-12-juillet-26-dimanche-11h3017h00\/\"><strong>RESERVEZ<\/strong><\/a><\/li>\n\n\n\n<li>LUNDI 13 JUILLET<\/li>\n\n\n\n<li>MARDI 14 JUILLET<\/li>\n<\/ul>\n<\/li>\n\n\n\n<li>SAMEDI 18 JUILLET\/ <strong>RESERVEZ<\/strong>\n<ul class=\"wp-block-list\">\n<li>DIMANCHE 19 JUILLET :RESERVEZ<\/li>\n<\/ul>\n<\/li>\n\n\n\n<li class=\"has-pale-cyan-blue-background-color has-background\"><strong>SAMEDI 25 JUILLET: <a href=\"https:\/\/ceylou.com\/wordpress\/event\/cours-voile-lyon-mois07-25-juillet-26-samedi-11h3017h00\/\">RESERVEZ<\/a><\/strong>\n<ul class=\"wp-block-list\">\n<li>DIMANCHE 26 JUILLET:<a href=\"https:\/\/ceylou.com\/wordpress\/event\/cours-voile-lyon-mois07-26-juillet-26-dimanche-11h3017h00\/\"><strong>RESERVEZ<\/strong><\/a><\/li>\n\n\n\n<li>LUNDI 27 JUILLET:<a href=\"https:\/\/ceylou.com\/wordpress\/event\/cours-voile-lyon-mois07-27-juillet-26-lundi-11h3017h00\/\"><strong>RESERVEZ<\/strong><\/a><\/li>\n\n\n\n<li>MARDI 28 JUILLET:<a href=\"https:\/\/ceylou.com\/wordpress\/event\/cours-voile-lyon-mois07-28-juillet-26-mardi-11h3017h00\/\"><strong>RESERVEZ<\/strong><\/a><\/li>\n\n\n\n<li>MERCREDI 29 JUILLET:<strong><a href=\"https:\/\/ceylou.com\/wordpress\/event\/cours-voile-lyon-mois07-29-juillet-26-mercredi-11h3017h00\/\">RESERVEZ<\/a><\/strong><\/li>\n\n\n\n<li>JEUDI 30 JUILLET:<strong><a href=\"https:\/\/ceylou.com\/wordpress\/event\/cours-voile-lyon-mois07-29-juillet-30-jeudi-11h3017h00\/\">RESERVEZ<\/a><\/strong><\/li>\n\n\n\n<li>VENDREDI 31 JUILLET ??? <\/li>\n<\/ul>\n<\/li>\n\n\n\n<li>TEL<em><em>Plus d\u2019infos :<a href=\"tel:&quot;33608740845&quot;\">tel:\u201d33608740845\u2033<\/a>&nbsp;<br>du lundi au samedi de 08h00 \u00e0 12h00 &amp; de 14h00 \u00e0 17h00<\/em><\/em><\/li>\n\n\n\n<li class=\"has-light-green-cyan-background-color has-background\">RESERVEZ  des maintenant<br><strong>JOURNEE PORTES OUVERTES ET REPAS<\/strong> LE SAMEDI 19 SEP<br><strong>RESERVEZ JEUX <\/strong> sur l&#8217;eau DIMANCHE 20 SEPT &gt;&gt;<a href=\"https:\/\/ceylou.com\/wordpress\/journee-portes-ouvertes\/#portes-ouvertes\"><mark style=\"background-color:rgba(0, 0, 0, 0);color:#cf2e2e\" class=\"has-inline-color\">Lire INFOS<\/mark><\/a><\/li>\n\n\n\n<li><img data-recalc-dims=\"1\" decoding=\"async\" class=\"wp-image-4438\" style=\"width: 150px;\" src=\"https:\/\/i0.wp.com\/ceylou.com\/wordpress\/wp-content\/uploads\/2020\/05\/ARTICLE-bowman_singe_N1-jpg.webp?ssl=1\" alt=\"cours \u00e9quipier Singe\"><br>PERMANENCES <\/li>\n\n\n\n<li><img data-recalc-dims=\"1\" loading=\"lazy\" decoding=\"async\" width=\"150\" height=\"104\" class=\"wp-image-569\" style=\"width: 150px;\" src=\"https:\/\/i0.wp.com\/ceylou.com\/wordpress\/wp-content\/uploads\/2019\/07\/navi-brico.jpeg?resize=150%2C104&#038;ssl=1\" alt=\"accastillage voilier\" srcset=\"https:\/\/i0.wp.com\/ceylou.com\/wordpress\/wp-content\/uploads\/2019\/07\/navi-brico.jpeg?w=400&amp;ssl=1 400w, https:\/\/i0.wp.com\/ceylou.com\/wordpress\/wp-content\/uploads\/2019\/07\/navi-brico.jpeg?resize=380%2C262&amp;ssl=1 380w\" sizes=\"auto, (max-width: 150px) 100vw, 150px\" \/><br><mark style=\"background-color:#7bdcb5\" class=\"has-inline-color\">ENTRETIENS BATEAUX 29 AOUT<\/mark><\/li>\n<\/ul>\n<\/div><\/div>\n\n\n\n<hr class=\"wp-block-separator has-alpha-channel-opacity\" id=\"aout\"\/>\n\n\n\n<div class=\"wp-block-media-text is-stacked-on-mobile is-vertically-aligned-top\" style=\"grid-template-columns:15% auto\"><figure  class=\"wp-block-media-text__media\"><img data-recalc-dims=\"1\" loading=\"lazy\" decoding=\"async\" width=\"150\" height=\"113\" alt=\"cours voile lyon et M\u00e9diterran\u00e9e\" src=\"https:\/\/i0.wp.com\/ceylou.com\/wordpress\/wp-content\/uploads\/2021\/01\/Cours-inscription-jpg.webp?resize=150%2C113&#038;ssl=1\" class=\"wp-image-8842 size-full\"><\/figure><div class=\"wp-block-media-text__content\">\n<h3 class=\"wp-block-heading has-text-align-center\"><strong>COURS, BAPT\u00cbMES, PERMANENCES<\/strong>,<br>ENTRETIENS, EVENEMENTS , STAGES MER<br><strong> AOUT<\/strong>2026<\/h3>\n\n\n\n<ul class=\"wp-block-list\">\n<li><img data-recalc-dims=\"1\" loading=\"lazy\" decoding=\"async\" width=\"150\" height=\"113\" class=\"wp-image-8842\" style=\"width: 150px;\" src=\"https:\/\/i0.wp.com\/ceylou.com\/wordpress\/wp-content\/uploads\/2021\/01\/Cours-inscription-jpg.webp?resize=150%2C113&#038;ssl=1\" alt=\"cours voile lyon\"><br><strong>SAMEDI <\/strong>01:RESERVEZ\n<ul class=\"wp-block-list\">\n<li>DIMANCHE02:RESERVEZ<\/li>\n\n\n\n<li>LUNDI 03 AOUT:RESERVEZ<\/li>\n\n\n\n<li>MARDI 04 AOUT:RESERVEZ<\/li>\n\n\n\n<li>MERCREDI 05 AOUT:RESERVEZ<\/li>\n\n\n\n<li>JEUDI 06 AOUT:RESERVEZ<\/li>\n\n\n\n<li>VENDREDI 07 AOUT;RESERVEZ<\/li>\n<\/ul>\n<\/li>\n\n\n\n<li class=\"has-light-green-cyan-background-color has-background\"><strong>SAMEDI<\/strong> 08:<a href=\"https:\/\/ceylou.com\/wordpress\/event\/cours-voile-lyon-mois08-08-aout-26-samedi-11h3017h00\/\"><strong>RESERVEZ<\/strong><\/a>\n<ul class=\"wp-block-list\">\n<li><strong>DIMANCHE09:<\/strong><a href=\"https:\/\/ceylou.com\/wordpress\/event\/cours-voile-lyon-mois08-09-aout-26-diman-che11h3017h00\/\"><strong>RESERVEZ<\/strong><\/a><\/li>\n\n\n\n<li>LUNDI<\/li>\n\n\n\n<li>MARDI<\/li>\n\n\n\n<li>MERCREDI<\/li>\n\n\n\n<li>JEUDI<\/li>\n\n\n\n<li>VENDREDI<\/li>\n<\/ul>\n<\/li>\n\n\n\n<li><strong>SAMEDI 15<\/strong>:RESERVEZ\n<ul class=\"wp-block-list\">\n<li>COURS DIMANCHE16:RESERVEZ<\/li>\n\n\n\n<li>LUNDI<\/li>\n\n\n\n<li>MARDI<\/li>\n\n\n\n<li>MERCREDI<\/li>\n\n\n\n<li>JEUDI<\/li>\n\n\n\n<li>VENDREDI<\/li>\n<\/ul>\n<\/li>\n\n\n\n<li class=\"has-pale-cyan-blue-background-color has-background\"><strong>COURS SAMEDI<\/strong> 22:RESERVEZ\n<ul class=\"wp-block-list\">\n<li>COURS DIMANCHE23:RESERVE<\/li>\n\n\n\n<li>LUNDI<\/li>\n\n\n\n<li>MARDI<\/li>\n\n\n\n<li>MERCREDI<\/li>\n\n\n\n<li>JEUDI<\/li>\n\n\n\n<li>VENDREDI<\/li>\n<\/ul>\n<\/li>\n\n\n\n<li><mark style=\"background-color:#7bdcb5\" class=\"has-inline-color\"><strong>ENTRETIENS BATEAUX 29<\/strong> AOUT<strong>:<\/strong><\/mark><a href=\"https:\/\/ceylou.com\/wordpress\/event\/entretiens-brigantinemois08-29-aout-26-de-08h3017h30clicici\/\"><strong><mark style=\"background-color:#7bdcb5;color:#d53030\" class=\"has-inline-color\">RESERVEZ<\/mark><\/strong><\/a>\n<ul class=\"wp-block-list\">\n<li><mark style=\"background-color:#7bdcb5\" class=\"has-inline-color\">ENTRETIENS BATEAUX DIMANCHE3O:<\/mark><a href=\"https:\/\/ceylou.com\/wordpress\/event\/entretiens-brigantinemois08-30-aout-26-de-08h3017h30clicici\/\"><mark style=\"background-color:#7bdcb5;color:#cf2e2e\" class=\"has-inline-color\"><strong>RESERVEZ<\/strong><\/mark><\/a><\/li>\n<\/ul>\n<\/li>\n\n\n\n<li><em><em>Plus d\u2019infos :<a href=\"tel:&quot;33608740845&quot;\">tel:\u201d33608740845\u2033<\/a>&nbsp;<br>du lundi au samedi de 08h00 \u00e0 12h00 &amp; de 14h00 \u00e0 17h00<\/em><\/em><\/li>\n\n\n\n<li class=\"has-ast-global-color-7-color has-light-green-cyan-background-color has-text-color has-background has-link-color wp-elements-2\"><strong><mark style=\"background-color:rgba(0, 0, 0, 0);color:#cf2e2e\" class=\"has-inline-color\">RESERVEZ des maintenant<\/mark><\/strong><br><strong>JOURNEE PORTES OUVERTES ET REPAS<\/strong> LE <strong>SAMEDI 19 SEP&gt;&gt;<a href=\"https:\/\/ceylou.com\/wordpress\/event\/cours-voile-lyon-baptemesmois09-19-septembre-26-samedi11h3017h00\/\"><mark style=\"background-color:rgba(0, 0, 0, 0);color:#b72a2a\" class=\"has-inline-color\">Lir<\/mark><\/a><\/strong><a href=\"https:\/\/ceylou.com\/wordpress\/event\/cours-voile-lyon-baptemesmois09-19-septembre-26-samedi11h3017h00\/\"><mark style=\"background-color:rgba(0, 0, 0, 0);color:#d33131\" class=\"has-inline-color\">e<\/mark><\/a><br><strong>RESERVEZ JEUX<\/strong> sur l&#8217;eau DIMANCHE 20 SEPT &gt;&gt;<a href=\"https:\/\/ceylou.com\/wordpress\/journee-portes-ouvertes\/#portes-ouvertes\"><mark style=\"background-color:rgba(0, 0, 0, 0);color:#cf2e2e\" class=\"has-inline-color\">Lire INFOS<\/mark><\/a><\/li>\n\n\n\n<li><img data-recalc-dims=\"1\" decoding=\"async\" class=\"wp-image-4438\" style=\"width: 150px;\" src=\"https:\/\/i0.wp.com\/ceylou.com\/wordpress\/wp-content\/uploads\/2020\/05\/ARTICLE-bowman_singe_N1-jpg.webp?ssl=1\" alt=\"cours \u00e9quipier Singe\"><br>PERMANENCES <\/li>\n<\/ul>\n<\/div><\/div>\n\n\n\n<hr class=\"wp-block-separator has-alpha-channel-opacity\"\/>\n\n\n\n<hr class=\"wp-block-separator has-alpha-channel-opacity\" id=\"septembre\"\/>\n\n\n\n<div class=\"wp-block-media-text is-stacked-on-mobile is-vertically-aligned-top\" style=\"grid-template-columns:15% auto\"><figure  class=\"wp-block-media-text__media\"><img data-recalc-dims=\"1\" loading=\"lazy\" decoding=\"async\" width=\"150\" height=\"113\" alt=\"cours voile lyon et M\u00e9diterran\u00e9e\" src=\"https:\/\/i0.wp.com\/ceylou.com\/wordpress\/wp-content\/uploads\/2021\/01\/Cours-inscription-jpg.webp?resize=150%2C113&#038;ssl=1\" class=\"wp-image-8842 size-full\"><\/figure><div class=\"wp-block-media-text__content\">\n<h3 class=\"wp-block-heading has-text-align-center\"><strong>COURS, BAPT\u00cbMES, PERMANENCES<\/strong>,<br>ENTRETIENS, EVENEMENTS , STAGES MER<br><a href=\"#mois\">Choisir autre mois&gt;<\/a><br><strong> SEPTEMBRE<\/strong><\/h3>\n\n\n\n<h3 class=\"wp-block-heading has-text-align-center\">I<mark style=\"background-color:rgba(0, 0, 0, 0);color:#cf2e2e\" class=\"has-inline-color\">nfos merci de r\u00e9server votre place <br>pour entretiens des bateaux<br> le 29 &amp; 30 AOUT<br>(voir plus haut)<\/mark><\/h3>\n\n\n\n<ul class=\"wp-block-list\">\n<li class=\"has-black-color has-pale-cyan-blue-background-color has-text-color has-background has-link-color wp-elements-3\"><img data-recalc-dims=\"1\" loading=\"lazy\" decoding=\"async\" width=\"150\" height=\"113\" class=\"wp-image-8842\" style=\"width: 150px;\" src=\"https:\/\/i0.wp.com\/ceylou.com\/wordpress\/wp-content\/uploads\/2021\/01\/Cours-inscription-jpg.webp?resize=150%2C113&#038;ssl=1\" alt=\"cours voile lyon\"><br> <strong>SAMEDI 05 SEPT<\/strong> FORUMS ASSOCiATIONS DECINES<\/li>\n\n\n\n<li class=\"has-pale-cyan-blue-background-color has-background has-link-color wp-elements-4\">+ Bapt\u00eames Gratuits SAM grand large Decines&gt;&gt;<a href=\"https:\/\/ceylou.com\/wordpress\/event\/cours-voile-lyon-baptemesmois09-05-septembr-26-vendredi-11h3017h00\/\"><strong>R\u00e9server<\/strong><\/a><\/li>\n\n\n\n<li><strong>Bapt\u00eames gratuits<\/strong> DIMANCHE 06 sept&gt; <a href=\"https:\/\/ceylou.com\/wordpress\/event\/cours-voile-lyon-baptemesmois09-06-septembr-26-dimanche11h3017h00\/\"><strong>R\u00e9server<\/strong><\/a><\/li>\n\n\n\n<li>COURS MERCREDI<\/li>\n\n\n\n<li>COURS SAMEDI 12<\/li>\n\n\n\n<li>COURS DIMANCHE13<\/li>\n\n\n\n<li>COURS MERCREDI<\/li>\n\n\n\n<li class=\"has-pale-cyan-blue-background-color has-background\"><strong>SAMEDI 19<\/strong> <strong>JOURNEE PORTES OUVERTES <\/strong><br><strong>R<\/strong>epas, bapt\u00eames, jeux&gt;<a href=\"https:\/\/ceylou.com\/wordpress\/journee-portes-ouvertes\/\"><strong>+INFOS&gt;<mark style=\"background-color:rgba(0, 0, 0, 0);color:#d53030\" class=\"has-inline-color\">LIRE<\/mark><\/strong><\/a><\/li>\n\n\n\n<li class=\"has-ast-global-color-6-background-color has-background\"><\/li>\n\n\n\n<li class=\"has-white-background-color has-background\">MERCREDI <\/li>\n\n\n\n<li><strong>COURS SAMEDI 26<\/strong>\n<ul class=\"wp-block-list\">\n<li class=\"has-pale-cyan-blue-background-color has-background\">COURS DIMANCHE 27<\/li>\n<\/ul>\n<\/li>\n\n\n\n<li><\/li>\n\n\n\n<li><img data-recalc-dims=\"1\" decoding=\"async\" class=\"wp-image-4438\" style=\"width: 150px;\" src=\"https:\/\/i0.wp.com\/ceylou.com\/wordpress\/wp-content\/uploads\/2020\/05\/ARTICLE-bowman_singe_N1-jpg.webp?ssl=1\" alt=\"cours \u00e9quipier Singe\"><br>PERMANENCES <\/li>\n<\/ul>\n<\/div><\/div>\n\n\n\n<hr class=\"wp-block-separator has-alpha-channel-opacity\" id=\"octobre\"\/>\n\n\n\n<div class=\"wp-block-media-text is-stacked-on-mobile is-vertically-aligned-top\" style=\"grid-template-columns:15% auto\"><figure  class=\"wp-block-media-text__media\"><img data-recalc-dims=\"1\" loading=\"lazy\" decoding=\"async\" width=\"150\" height=\"113\" alt=\"cours voile lyon et M\u00e9diterran\u00e9e\" src=\"https:\/\/i0.wp.com\/ceylou.com\/wordpress\/wp-content\/uploads\/2021\/01\/Cours-inscription-jpg.webp?resize=150%2C113&#038;ssl=1\" class=\"wp-image-8842 size-full\"><\/figure><div class=\"wp-block-media-text__content\">\n<h3 class=\"wp-block-heading has-text-align-center\"><strong>COURS, BAPT\u00cbMES, PERMANENCES<\/strong>,<br><strong>ENTRETIENS, EVENEMENTS , STAGES MER<\/strong><br><a href=\"#mois\">Choisir autre mois&gt;<\/a><br><strong> OCTOBRE<\/strong> 2026<\/h3>\n\n\n\n<ul class=\"wp-block-list\">\n<li class=\"has-pale-cyan-blue-background-color has-background\"><img data-recalc-dims=\"1\" loading=\"lazy\" decoding=\"async\" width=\"150\" height=\"113\" class=\"wp-image-8842\" style=\"width: 150px;\" src=\"https:\/\/i0.wp.com\/ceylou.com\/wordpress\/wp-content\/uploads\/2021\/01\/Cours-inscription-jpg.webp?resize=150%2C113&#038;ssl=1\" alt=\"cours voile lyon\"><br>COURS <strong>SAMED<\/strong>I 03 OCT\n<ul class=\"wp-block-list\">\n<li style=\"font-style:normal;font-weight:700\">COURS <strong>DIMANCHE <\/strong>04 OCT<\/li>\n<\/ul>\n<\/li>\n\n\n\n<li>MERCREDI<\/li>\n\n\n\n<li class=\"has-pale-cyan-blue-background-color has-background\">COURS <strong>SAMEDI<\/strong> 10 EN TRAVAUX EN TRAVAUX\n<ul class=\"wp-block-list\">\n<li>COURS <strong>DIMANCHE<\/strong> 11<\/li>\n<\/ul>\n<\/li>\n\n\n\n<li>MERCREDI 13 ENTRAVAUX<\/li>\n\n\n\n<li>SAMEDI 17&gt;DIMANCHE28<\/li>\n\n\n\n<li class=\"has-vivid-green-cyan-background-color has-background\"><img data-recalc-dims=\"1\" loading=\"lazy\" decoding=\"async\" width=\"150\" height=\"129\" class=\"wp-image-24843\" style=\"width: 150px;\" src=\"https:\/\/i0.wp.com\/ceylou.com\/wordpress\/wp-content\/uploads\/2020\/12\/Stage-voile-croisiere-Brigantine.png?resize=150%2C129&#038;ssl=1\" alt=\"Stages voile M\u00e9diterran\u00e9e voiliers habitables de croisi\u00e8re\" srcset=\"https:\/\/i0.wp.com\/ceylou.com\/wordpress\/wp-content\/uploads\/2020\/12\/Stage-voile-croisiere-Brigantine.png?w=1142&amp;ssl=1 1142w, https:\/\/i0.wp.com\/ceylou.com\/wordpress\/wp-content\/uploads\/2020\/12\/Stage-voile-croisiere-Brigantine.png?resize=380%2C327&amp;ssl=1 380w, https:\/\/i0.wp.com\/ceylou.com\/wordpress\/wp-content\/uploads\/2020\/12\/Stage-voile-croisiere-Brigantine.png?resize=768%2C660&amp;ssl=1 768w, https:\/\/i0.wp.com\/ceylou.com\/wordpress\/wp-content\/uploads\/2020\/12\/Stage-voile-croisiere-Brigantine.png?resize=860%2C740&amp;ssl=1 860w, https:\/\/i0.wp.com\/ceylou.com\/wordpress\/wp-content\/uploads\/2020\/12\/Stage-voile-croisiere-Brigantine.png?resize=600%2C516&amp;ssl=1 600w\" sizes=\"auto, (max-width: 150px) 100vw, 150px\" \/><br>samedi 17&amp;dimanche28 <strong>EVALUATION N3<\/strong> <strong>N4<\/strong> :<a href=\"https:\/\/ceylou.com\/wordpress\/event\/evaluation-n3-bandol-mois-10-du-17-18-octobre-click\/\"><strong>RESERVEZ<\/strong><\/a><\/li>\n\n\n\n<li class=\"has-pale-cyan-blue-background-color has-background\">COURS <strong>SAMEDI<\/strong> 24\n<ul class=\"wp-block-list\">\n<li class=\"has-pale-cyan-blue-background-color has-background\">COURS <strong>DIMANCHE<\/strong>25<\/li>\n<\/ul>\n<\/li>\n\n\n\n<li>MERCREDI 27 EN TRAVAUX<\/li>\n\n\n\n<li><img data-recalc-dims=\"1\" decoding=\"async\" class=\"wp-image-4438\" style=\"width: 150px;\" src=\"https:\/\/i0.wp.com\/ceylou.com\/wordpress\/wp-content\/uploads\/2020\/05\/ARTICLE-bowman_singe_N1-jpg.webp?ssl=1\" alt=\"cours \u00e9quipier Singe\"><br>PERMANENCES <\/li>\n<\/ul>\n<\/div><\/div>\n\n\n\n<hr class=\"wp-block-separator has-alpha-channel-opacity\" id=\"NOVEMBRE26\"\/>\n\n\n\n<div class=\"wp-block-media-text is-stacked-on-mobile is-vertically-aligned-top\" style=\"grid-template-columns:15% auto\"><figure  class=\"wp-block-media-text__media\"><img data-recalc-dims=\"1\" loading=\"lazy\" decoding=\"async\" width=\"150\" height=\"113\" alt=\"cours voile lyon et M\u00e9diterran\u00e9e\" src=\"https:\/\/i0.wp.com\/ceylou.com\/wordpress\/wp-content\/uploads\/2021\/01\/Cours-inscription-jpg.webp?resize=150%2C113&#038;ssl=1\" class=\"wp-image-8842 size-full\"><\/figure><div class=\"wp-block-media-text__content\">\n<h3 class=\"wp-block-heading has-text-align-center\"><strong>COURS, BAPT\u00cbMES, PERMANENCES<\/strong>,<br> ENTRETIENS, EVENEMENTS , STAGES MER<br><a href=\"#mois\">Choisir autre mois&gt;<\/a><br><strong> NOVEMBRE<\/strong> 2026<\/h3>\n\n\n\n<ul class=\"wp-block-list\">\n<li><img data-recalc-dims=\"1\" loading=\"lazy\" decoding=\"async\" width=\"150\" height=\"113\" class=\"wp-image-8842\" style=\"width: 150px;\" src=\"https:\/\/i0.wp.com\/ceylou.com\/wordpress\/wp-content\/uploads\/2021\/01\/Cours-inscription-jpg.webp?resize=150%2C113&#038;ssl=1\" alt=\"cours voile lyon\"><br>COURS  SAMEDI<\/li>\n\n\n\n<li>COURS  DIMANCHE<\/li>\n\n\n\n<li>Cours Mercredi<\/li>\n\n\n\n<li><img data-recalc-dims=\"1\" decoding=\"async\" class=\"wp-image-4438\" style=\"width: 150px;\" src=\"https:\/\/i0.wp.com\/ceylou.com\/wordpress\/wp-content\/uploads\/2020\/05\/ARTICLE-bowman_singe_N1-jpg.webp?ssl=1\" alt=\"cours \u00e9quipier Singe\"><br>PERMANENCES <\/li>\n<\/ul>\n<\/div><\/div>\n\n\n\n<hr class=\"wp-block-separator has-alpha-channel-opacity\" id=\"Decembre26\"\/>\n\n\n\n<div class=\"wp-block-media-text is-stacked-on-mobile is-vertically-aligned-top\" style=\"grid-template-columns:15% auto\"><figure  class=\"wp-block-media-text__media\"><img data-recalc-dims=\"1\" loading=\"lazy\" decoding=\"async\" width=\"150\" height=\"113\" alt=\"cours voile lyon et M\u00e9diterran\u00e9e\" src=\"https:\/\/i0.wp.com\/ceylou.com\/wordpress\/wp-content\/uploads\/2021\/01\/Cours-inscription-jpg.webp?resize=150%2C113&#038;ssl=1\" class=\"wp-image-8842 size-full\"><\/figure><div class=\"wp-block-media-text__content\">\n<h3 class=\"wp-block-heading has-text-align-center\"><strong>COURS, BAPT\u00cbMES, PERMANENCES, ENTRETIENS, EVENEMENTS , STAGES MER<\/strong>..<br><a href=\"#mois\">Choisir autre mois&gt;<\/a><strong> <\/strong><br><strong>DECEMBRE<\/strong><\/h3>\n\n\n\n<ul class=\"wp-block-list\">\n<li><img data-recalc-dims=\"1\" loading=\"lazy\" decoding=\"async\" width=\"150\" height=\"113\" class=\"wp-image-8842\" style=\"width: 150px;\" src=\"https:\/\/i0.wp.com\/ceylou.com\/wordpress\/wp-content\/uploads\/2021\/01\/Cours-inscription-jpg.webp?resize=150%2C113&#038;ssl=1\" alt=\"cours voile lyon\"><br>COURS  SAMEDI<\/li>\n\n\n\n<li>COURS  DIMANCHE<\/li>\n\n\n\n<li>Mercredi<\/li>\n\n\n\n<li><img data-recalc-dims=\"1\" decoding=\"async\" class=\"wp-image-4438\" style=\"width: 150px;\" src=\"https:\/\/i0.wp.com\/ceylou.com\/wordpress\/wp-content\/uploads\/2020\/05\/ARTICLE-bowman_singe_N1-jpg.webp?ssl=1\" alt=\"cours \u00e9quipier Singe\"><br>PERMANENCES <\/li>\n<\/ul>\n<\/div><\/div>\n\n\n\n<hr class=\"wp-block-separator has-alpha-channel-opacity\"\/>\n\n\n\n<p class=\"has-text-align-center wp-block-paragraph\"><\/p>\n\n\n\n<h3 class=\"wp-block-heading has-text-align-center\">PROCHAINES DATES MISES EN LIGNE VENDREDI 26 JUIN MINUIT<\/h3>\n\n\n\n<hr class=\"wp-block-separator has-alpha-channel-opacity\"\/>\n\n\n\n<h3 class=\"wp-block-heading has-text-align-center\"><strong>ANNEE 2027<\/strong><\/h3>\n\n\n\n<hr class=\"wp-block-separator has-alpha-channel-opacity\" id=\"Janvier27\"\/>\n\n\n\n<div class=\"wp-block-media-text is-stacked-on-mobile\" style=\"grid-template-columns:17% auto\"><figure  class=\"wp-block-media-text__media\"><img data-recalc-dims=\"1\" loading=\"lazy\" decoding=\"async\" width=\"150\" height=\"113\" alt=\"cours voile lyon et M\u00e9diterran\u00e9e\" src=\"https:\/\/i0.wp.com\/ceylou.com\/wordpress\/wp-content\/uploads\/2021\/01\/Cours-inscription-jpg.webp?resize=150%2C113&#038;ssl=1\" class=\"wp-image-8842 size-full\"><\/figure><div class=\"wp-block-media-text__content\">\n<p class=\"has-text-align-center wp-block-paragraph\"><strong>COURS, BAPT\u00cbMES, PERMANENCES,<\/strong><br><strong> ENTRETIENS, EVENEMENTS , STAGES MER<\/strong>..<br><a href=\"#mois\">Choisir autre mois&gt;<\/a><strong> <\/strong><br><strong>JANVIER 2027<\/strong><\/p>\n\n\n\n<ul class=\"wp-block-list\">\n<li><img data-recalc-dims=\"1\" decoding=\"async\" class=\"wp-image-25939\" style=\"width: 150px;\" src=\"https:\/\/i0.wp.com\/ceylou.com\/wordpress\/wp-content\/uploads\/2023\/12\/Brigantine-galette-des-rois--jpg.webp?ssl=1\" alt=\"\"><br>Samedi 09 Ouverture galette des Rois, Inscriptions.<\/li>\n\n\n\n<li>Dimanche 10 INSCRIPTION &amp; LICENCES 2027<\/li>\n\n\n\n<li>SAMEDI 23&gt; DIMANCHE 24 REUNION DES AB<\/li>\n\n\n\n<li><img data-recalc-dims=\"1\" loading=\"lazy\" decoding=\"async\" width=\"150\" height=\"104\" class=\"wp-image-569\" style=\"width: 150px;\" src=\"https:\/\/i0.wp.com\/ceylou.com\/wordpress\/wp-content\/uploads\/2019\/07\/navi-brico.jpeg?resize=150%2C104&#038;ssl=1\" alt=\"accastillage voilier\" srcset=\"https:\/\/i0.wp.com\/ceylou.com\/wordpress\/wp-content\/uploads\/2019\/07\/navi-brico.jpeg?w=400&amp;ssl=1 400w, https:\/\/i0.wp.com\/ceylou.com\/wordpress\/wp-content\/uploads\/2019\/07\/navi-brico.jpeg?resize=380%2C262&amp;ssl=1 380w\" sizes=\"auto, (max-width: 150px) 100vw, 150px\" \/><br>SAMEDI 30 &gt;DIMANCHE 31 ENTRETIEN<\/li>\n\n\n\n<li><img data-recalc-dims=\"1\" decoding=\"async\" class=\"wp-image-4438\" style=\"width: 150px;\" src=\"https:\/\/i0.wp.com\/ceylou.com\/wordpress\/wp-content\/uploads\/2020\/05\/ARTICLE-bowman_singe_N1-jpg.webp?ssl=1\" alt=\"cours \u00e9quipier Singe\"><br>PERMANENCES <\/li>\n<\/ul>\n<\/div><\/div>\n\n\n\n<hr class=\"wp-block-separator has-alpha-channel-opacity\" id=\"F\u00e9vrier27\"\/>\n\n\n\n<div class=\"wp-block-media-text is-stacked-on-mobile\" style=\"grid-template-columns:18% auto\"><figure  class=\"wp-block-media-text__media\"><img data-recalc-dims=\"1\" loading=\"lazy\" decoding=\"async\" width=\"150\" height=\"113\" alt=\"cours voile lyon et M\u00e9diterran\u00e9e\" src=\"https:\/\/i0.wp.com\/ceylou.com\/wordpress\/wp-content\/uploads\/2021\/01\/Cours-inscription-jpg.webp?resize=150%2C113&#038;ssl=1\" class=\"wp-image-8842 size-full\"><\/figure><div class=\"wp-block-media-text__content\">\n<p class=\"has-text-align-center wp-block-paragraph\"><strong>COURS, BAPT\u00cbMES, PERMANENCES,<\/strong><br><strong> ENTRETIENS, EVENEMENTS , STAGES MER<\/strong>..<br><a href=\"#mois\">Choisir autre mois&gt;<\/a><strong> <\/strong><br><strong>FEVRIER 2027<\/strong><\/p>\n\n\n\n<ul class=\"wp-block-list\">\n<li><img data-recalc-dims=\"1\" decoding=\"async\" class=\"wp-image-4438\" style=\"width: 150px;\" src=\"https:\/\/i0.wp.com\/ceylou.com\/wordpress\/wp-content\/uploads\/2020\/05\/ARTICLE-bowman_singe_N1-jpg.webp?ssl=1\" alt=\"cours \u00e9quipier Singe\"><br>PERMANENCES <\/li>\n\n\n\n<li><img data-recalc-dims=\"1\" loading=\"lazy\" decoding=\"async\" width=\"150\" height=\"113\" class=\"wp-image-8842\" style=\"width: 150px;\" src=\"https:\/\/i0.wp.com\/ceylou.com\/wordpress\/wp-content\/uploads\/2021\/01\/Cours-inscription-jpg.webp?resize=150%2C113&#038;ssl=1\" alt=\"cours voile lyon\"><br>COURS LYON DECINES<\/li>\n\n\n\n<li class=\"has-pale-cyan-blue-background-color has-background\"><strong>Samedi <\/strong>06 entrainement r\u00e9gates 2 jours<\/li>\n\n\n\n<li>Dimanche 07<\/li>\n\n\n\n<li>MARDI 09 MARDI GRAS ??<\/li>\n\n\n\n<li>Mercredi 10<\/li>\n\n\n\n<li class=\"has-pale-cyan-blue-background-color has-background\"><strong>Samedi<\/strong><\/li>\n\n\n\n<li>Dimanche<\/li>\n\n\n\n<li>Mercredi<\/li>\n\n\n\n<li class=\"has-pale-cyan-blue-background-color has-background\"><strong>samedi <\/strong><\/li>\n\n\n\n<li>Dimanche<\/li>\n\n\n\n<li>mercredi<\/li>\n\n\n\n<li class=\"has-pale-cyan-blue-background-color has-background\">samedi<\/li>\n<\/ul>\n<\/div><\/div>\n\n\n\n<hr class=\"wp-block-separator has-alpha-channel-opacity\" id=\"Mars27\"\/>\n\n\n\n<div class=\"wp-block-media-text is-stacked-on-mobile\" style=\"grid-template-columns:18% auto\"><figure  class=\"wp-block-media-text__media\"><img data-recalc-dims=\"1\" loading=\"lazy\" decoding=\"async\" width=\"150\" height=\"113\" alt=\"cours voile lyon et M\u00e9diterran\u00e9e\" src=\"https:\/\/i0.wp.com\/ceylou.com\/wordpress\/wp-content\/uploads\/2021\/01\/Cours-inscription-jpg.webp?resize=150%2C113&#038;ssl=1\" class=\"wp-image-8842 size-full\"><\/figure><div class=\"wp-block-media-text__content\">\n<p class=\"has-text-align-center wp-block-paragraph\"><strong>COURS, BAPT\u00cbMES, PERMANENCES,<\/strong><br><a href=\"#mois\">Choisir autre mois&gt;<\/a><br><strong> ENTRETIENS, EVENEMENTS , STAGES MER<\/strong>..<strong> <\/strong><br><strong>MARS 2027<\/strong><\/p>\n\n\n\n<ul class=\"wp-block-list\">\n<li><img data-recalc-dims=\"1\" decoding=\"async\" class=\"wp-image-4438\" style=\"width: 150px;\" src=\"https:\/\/i0.wp.com\/ceylou.com\/wordpress\/wp-content\/uploads\/2020\/05\/ARTICLE-bowman_singe_N1-jpg.webp?ssl=1\" alt=\"cours \u00e9quipier Singe\"><br>PERMANENCES <\/li>\n\n\n\n<li><img data-recalc-dims=\"1\" loading=\"lazy\" decoding=\"async\" width=\"150\" height=\"113\" class=\"wp-image-8842\" style=\"width: 150px;\" src=\"https:\/\/i0.wp.com\/ceylou.com\/wordpress\/wp-content\/uploads\/2021\/01\/Cours-inscription-jpg.webp?resize=150%2C113&#038;ssl=1\" alt=\"cours voile lyon\"><br>COURS LYON DECINES<\/li>\n\n\n\n<li class=\"has-pale-cyan-blue-background-color has-background\"><strong>Samedi <\/strong>06<\/li>\n\n\n\n<li>Dimanche 07<\/li>\n\n\n\n<li>MARDI 09<\/li>\n\n\n\n<li>Mercredi 10<\/li>\n\n\n\n<li class=\"has-pale-cyan-blue-background-color has-background\"><strong>Samedi<\/strong><\/li>\n\n\n\n<li>Dimanche<\/li>\n\n\n\n<li>Mercredi<\/li>\n\n\n\n<li class=\"has-pale-cyan-blue-background-color has-background\"><strong>samedi<\/strong> 20 &amp; 21 dimanche entrainement r\u00e9gates<\/li>\n\n\n\n<li>Dimanche<\/li>\n\n\n\n<li>mercredi<\/li>\n\n\n\n<li class=\"has-pale-cyan-blue-background-color has-background\">samedi lundi de p\u00e2ques<\/li>\n<\/ul>\n<\/div><\/div>\n\n\n\n<hr class=\"wp-block-separator has-alpha-channel-opacity\" id=\"Avril27\"\/>\n\n\n\n<div class=\"wp-block-media-text is-stacked-on-mobile\" style=\"grid-template-columns:18% auto\"><figure  class=\"wp-block-media-text__media\"><img data-recalc-dims=\"1\" loading=\"lazy\" decoding=\"async\" width=\"150\" height=\"113\" alt=\"cours voile lyon et M\u00e9diterran\u00e9e\" src=\"https:\/\/i0.wp.com\/ceylou.com\/wordpress\/wp-content\/uploads\/2021\/01\/Cours-inscription-jpg.webp?resize=150%2C113&#038;ssl=1\" class=\"wp-image-8842 size-full\"><\/figure><div class=\"wp-block-media-text__content\">\n<p class=\"has-text-align-center wp-block-paragraph\"><strong>COURS, BAPT\u00cbMES, PERMANENCES,<\/strong><br><a href=\"#mois\">Choisir autre mois&gt;<\/a><br><strong> ENTRETIENS, EVENEMENTS , STAGES MER<\/strong>..<strong> <\/strong><br><strong>AVRIL 2027<\/strong><\/p>\n\n\n\n<ul class=\"wp-block-list\">\n<li><img data-recalc-dims=\"1\" loading=\"lazy\" decoding=\"async\" width=\"150\" height=\"136\" class=\"wp-image-34168\" style=\"width: 150px;\" src=\"https:\/\/i0.wp.com\/ceylou.com\/wordpress\/wp-content\/uploads\/2025\/07\/BaliCatsmart38.png?resize=150%2C136&#038;ssl=1\" alt=\"STAGES CATAMARAN HABITABLES CROISIERE BRIGANTINE\" srcset=\"https:\/\/i0.wp.com\/ceylou.com\/wordpress\/wp-content\/uploads\/2025\/07\/BaliCatsmart38.png?w=1086&amp;ssl=1 1086w, https:\/\/i0.wp.com\/ceylou.com\/wordpress\/wp-content\/uploads\/2025\/07\/BaliCatsmart38.png?resize=380%2C346&amp;ssl=1 380w, https:\/\/i0.wp.com\/ceylou.com\/wordpress\/wp-content\/uploads\/2025\/07\/BaliCatsmart38.png?resize=768%2C699&amp;ssl=1 768w, https:\/\/i0.wp.com\/ceylou.com\/wordpress\/wp-content\/uploads\/2025\/07\/BaliCatsmart38.png?resize=860%2C782&amp;ssl=1 860w\" sizes=\"auto, (max-width: 150px) 100vw, 150px\" \/><br>Stage catamarans Antilles du&#8230;.au&#8230;.<\/li>\n\n\n\n<li><img data-recalc-dims=\"1\" decoding=\"async\" class=\"wp-image-4438\" style=\"width: 150px;\" src=\"https:\/\/i0.wp.com\/ceylou.com\/wordpress\/wp-content\/uploads\/2020\/05\/ARTICLE-bowman_singe_N1-jpg.webp?ssl=1\" alt=\"cours \u00e9quipier Singe\"><br>Permanences<\/li>\n\n\n\n<li><img data-recalc-dims=\"1\" loading=\"lazy\" decoding=\"async\" width=\"150\" height=\"113\" class=\"wp-image-8842\" style=\"width: 150px;\" src=\"https:\/\/i0.wp.com\/ceylou.com\/wordpress\/wp-content\/uploads\/2021\/01\/Cours-inscription-jpg.webp?resize=150%2C113&#038;ssl=1\" alt=\"cours voile lyon\"><br>Mercredi Cours voile Lyon decines<\/li>\n\n\n\n<li class=\"has-pale-cyan-blue-background-color has-background\">Samedi 03 &amp; dimanche 04 entrainement r\u00e9gate<\/li>\n\n\n\n<li>Dimanche<\/li>\n\n\n\n<li>mercredi<\/li>\n\n\n\n<li class=\"has-pale-cyan-blue-background-color has-background\">Samedi<\/li>\n\n\n\n<li>mercredi<\/li>\n\n\n\n<li class=\"has-pale-cyan-blue-background-color has-background\">Samedi<\/li>\n\n\n\n<li>mercredi<\/li>\n\n\n\n<li class=\"has-pale-cyan-blue-background-color has-background\">samedi <\/li>\n\n\n\n<li>Mercredi<\/li>\n\n\n\n<li class=\"has-pale-cyan-blue-background-color has-background\">Samedi<\/li>\n\n\n\n<li>Travaux entretien<\/li>\n\n\n\n<li><\/li>\n<\/ul>\n<\/div><\/div>\n\n\n\n<hr class=\"wp-block-separator has-alpha-channel-opacity\" id=\"Mai27\"\/>\n\n\n\n<div class=\"wp-block-media-text is-stacked-on-mobile\" style=\"grid-template-columns:18% auto\"><figure  class=\"wp-block-media-text__media\"><img data-recalc-dims=\"1\" loading=\"lazy\" decoding=\"async\" width=\"150\" height=\"113\" alt=\"cours voile lyon et M\u00e9diterran\u00e9e\" src=\"https:\/\/i0.wp.com\/ceylou.com\/wordpress\/wp-content\/uploads\/2021\/01\/Cours-inscription-jpg.webp?resize=150%2C113&#038;ssl=1\" class=\"wp-image-8842 size-full\"><\/figure><div class=\"wp-block-media-text__content\">\n<p class=\"has-text-align-center wp-block-paragraph\"><strong>COURS, BAPT\u00cbMES, PERMANENCES,<\/strong><br><a href=\"#mois\">Choisir autre mois&gt;<\/a><br><strong>ENTRETIENS, EVENEMENTS , STAGES MER<\/strong>..<strong> <\/strong><br><strong>MAI 2027<\/strong><\/p>\n\n\n\n<ul class=\"wp-block-list\">\n<li><img data-recalc-dims=\"1\" loading=\"lazy\" decoding=\"async\" width=\"150\" height=\"136\" class=\"wp-image-34168\" style=\"width: 150px;\" src=\"https:\/\/i0.wp.com\/ceylou.com\/wordpress\/wp-content\/uploads\/2025\/07\/BaliCatsmart38.png?resize=150%2C136&#038;ssl=1\" alt=\"STAGES CATAMARAN HABITABLES CROISIERE BRIGANTINE\" srcset=\"https:\/\/i0.wp.com\/ceylou.com\/wordpress\/wp-content\/uploads\/2025\/07\/BaliCatsmart38.png?w=1086&amp;ssl=1 1086w, https:\/\/i0.wp.com\/ceylou.com\/wordpress\/wp-content\/uploads\/2025\/07\/BaliCatsmart38.png?resize=380%2C346&amp;ssl=1 380w, https:\/\/i0.wp.com\/ceylou.com\/wordpress\/wp-content\/uploads\/2025\/07\/BaliCatsmart38.png?resize=768%2C699&amp;ssl=1 768w, https:\/\/i0.wp.com\/ceylou.com\/wordpress\/wp-content\/uploads\/2025\/07\/BaliCatsmart38.png?resize=860%2C782&amp;ssl=1 860w\" sizes=\"auto, (max-width: 150px) 100vw, 150px\" \/><br>Stage catamarans Antilles du 01&gt;11 MAI 11 jours<\/li>\n\n\n\n<li>Stage catamarans Antilles du 15&gt;26 MAI 11JOURS<\/li>\n\n\n\n<li>Stage catamaran Antilles  du&#8230;. au &#8230;<\/li>\n\n\n\n<li><img data-recalc-dims=\"1\" decoding=\"async\" class=\"wp-image-4438\" style=\"width: 150px;\" src=\"https:\/\/i0.wp.com\/ceylou.com\/wordpress\/wp-content\/uploads\/2020\/05\/ARTICLE-bowman_singe_N1-jpg.webp?ssl=1\" alt=\"cours \u00e9quipier Singe\"><br>Permanences<\/li>\n\n\n\n<li><img data-recalc-dims=\"1\" loading=\"lazy\" decoding=\"async\" width=\"150\" height=\"113\" class=\"wp-image-8842\" style=\"width: 150px;\" src=\"https:\/\/i0.wp.com\/ceylou.com\/wordpress\/wp-content\/uploads\/2021\/01\/Cours-inscription-jpg.webp?resize=150%2C113&#038;ssl=1\" alt=\"cours voile lyon\"><br>Mercredi Cours voile Lyon decines<\/li>\n\n\n\n<li class=\"has-pale-cyan-blue-background-color has-background\">Samedi<\/li>\n\n\n\n<li>Dimanche<\/li>\n\n\n\n<li>Mercredi<\/li>\n\n\n\n<li class=\"has-pale-cyan-blue-background-color has-background\">samedi<\/li>\n\n\n\n<li>Dimanche<\/li>\n\n\n\n<li>Mercredi<\/li>\n\n\n\n<li class=\"has-pale-cyan-blue-background-color has-background\">samedi<\/li>\n\n\n\n<li>Dimanche<\/li>\n\n\n\n<li>Mercredi<\/li>\n\n\n\n<li class=\"has-pale-cyan-blue-background-color has-background\">Samedi<\/li>\n\n\n\n<li><\/li>\n\n\n\n<li>Travaux entretien<\/li>\n<\/ul>\n<\/div><\/div>\n\n\n\n<hr class=\"wp-block-separator has-alpha-channel-opacity\" id=\"Juin27\"\/>\n\n\n\n<div class=\"wp-block-media-text is-stacked-on-mobile\" style=\"grid-template-columns:18% auto\"><figure  class=\"wp-block-media-text__media\"><img data-recalc-dims=\"1\" loading=\"lazy\" decoding=\"async\" width=\"150\" height=\"113\" alt=\"cours voile lyon et M\u00e9diterran\u00e9e\" src=\"https:\/\/i0.wp.com\/ceylou.com\/wordpress\/wp-content\/uploads\/2021\/01\/Cours-inscription-jpg.webp?resize=150%2C113&#038;ssl=1\" class=\"wp-image-8842 size-full\"><\/figure><div class=\"wp-block-media-text__content\">\n<p class=\"has-text-align-center wp-block-paragraph\"><strong>COURS, BAPT\u00cbMES, PERMANENCES,<\/strong><br><strong> ENTRETIENS, EVENEMENTS , STAGES MER<\/strong>..<br><a href=\"#mois\">Choisir autre mois&gt;<\/a><strong> <\/strong><br><strong>JUIN 2027<\/strong><\/p>\n\n\n\n<p class=\"wp-block-paragraph\">.<\/p>\n\n\n\n<ul class=\"wp-block-list\">\n<li><img data-recalc-dims=\"1\" decoding=\"async\" class=\"wp-image-4438\" style=\"width: 150px;\" src=\"https:\/\/i0.wp.com\/ceylou.com\/wordpress\/wp-content\/uploads\/2020\/05\/ARTICLE-bowman_singe_N1-jpg.webp?ssl=1\" alt=\"cours \u00e9quipier Singe\"><br>Permanences<\/li>\n\n\n\n<li><img data-recalc-dims=\"1\" loading=\"lazy\" decoding=\"async\" width=\"150\" height=\"113\" class=\"wp-image-8842\" style=\"width: 150px;\" src=\"https:\/\/i0.wp.com\/ceylou.com\/wordpress\/wp-content\/uploads\/2021\/01\/Cours-inscription-jpg.webp?resize=150%2C113&#038;ssl=1\" alt=\"cours voile lyon\"><br>Mercredi Cours voile Lyon decines<\/li>\n\n\n\n<li class=\"has-pale-cyan-blue-background-color has-background\">Samedi<\/li>\n\n\n\n<li>Dimanche<\/li>\n\n\n\n<li>Mercredi<\/li>\n\n\n\n<li class=\"has-pale-cyan-blue-background-color has-background\">samedi<\/li>\n\n\n\n<li>Dimanche<\/li>\n\n\n\n<li>Mercredi<\/li>\n\n\n\n<li class=\"has-pale-cyan-blue-background-color has-background\">samedi<\/li>\n\n\n\n<li>Dimanche<\/li>\n\n\n\n<li>Mercredi<\/li>\n\n\n\n<li class=\"has-pale-cyan-blue-background-color has-background\">Samedi<\/li>\n\n\n\n<li><\/li>\n\n\n\n<li>Travaux entretien<\/li>\n<\/ul>\n<\/div><\/div>\n\n\n\n<hr class=\"wp-block-separator has-alpha-channel-opacity\" id=\"Juillet27\"\/>\n\n\n\n<div class=\"wp-block-media-text is-stacked-on-mobile\" style=\"grid-template-columns:18% auto\"><figure class=\"wp-block-media-text__media\"><img data-recalc-dims=\"1\" loading=\"lazy\" decoding=\"async\" width=\"680\" height=\"274\" src=\"https:\/\/i0.wp.com\/ceylou.com\/wordpress\/wp-content\/uploads\/2024\/06\/STAGE-CATA-ET-MONO.png?resize=680%2C274&#038;ssl=1\" alt=\"\" class=\"wp-image-34900 size-full\" srcset=\"https:\/\/i0.wp.com\/ceylou.com\/wordpress\/wp-content\/uploads\/2024\/06\/STAGE-CATA-ET-MONO.png?w=680&amp;ssl=1 680w, https:\/\/i0.wp.com\/ceylou.com\/wordpress\/wp-content\/uploads\/2024\/06\/STAGE-CATA-ET-MONO.png?resize=228%2C92&amp;ssl=1 228w, https:\/\/i0.wp.com\/ceylou.com\/wordpress\/wp-content\/uploads\/2024\/06\/STAGE-CATA-ET-MONO.png?resize=380%2C153&amp;ssl=1 380w\" sizes=\"auto, (max-width: 680px) 100vw, 680px\" \/><\/figure><div class=\"wp-block-media-text__content\">\n<p class=\"has-text-align-center wp-block-paragraph\"><strong>COURS, BAPT\u00cbMES, PERMANENCES,<\/strong><br><strong> ENTRETIENS, EVENEMENTS , STAGES MER<\/strong>..<br><a href=\"#mois\">Choisir autre mois&gt;<\/a><strong> <\/strong><br><strong>JUILLET 2027<\/strong><\/p>\n\n\n\n<ul class=\"wp-block-list\">\n<li><img data-recalc-dims=\"1\" decoding=\"async\" class=\"wp-image-4438\" style=\"width: 150px;\" src=\"https:\/\/i0.wp.com\/ceylou.com\/wordpress\/wp-content\/uploads\/2020\/05\/ARTICLE-bowman_singe_N1-jpg.webp?ssl=1\" alt=\"cours \u00e9quipier Singe\"><br>Permanences<\/li>\n\n\n\n<li><img data-recalc-dims=\"1\" loading=\"lazy\" decoding=\"async\" width=\"150\" height=\"113\" class=\"wp-image-8842\" style=\"width: 150px;\" src=\"https:\/\/i0.wp.com\/ceylou.com\/wordpress\/wp-content\/uploads\/2021\/01\/Cours-inscription-jpg.webp?resize=150%2C113&#038;ssl=1\" alt=\"cours voile lyon\"><br>Mercredi Cours voile Lyon decines<\/li>\n\n\n\n<li class=\"has-pale-cyan-blue-background-color has-background\">Samedi<\/li>\n\n\n\n<li>Dimanche<\/li>\n\n\n\n<li>Mercredi<\/li>\n\n\n\n<li class=\"has-pale-cyan-blue-background-color has-background\">samedi<\/li>\n\n\n\n<li>Dimanche<\/li>\n\n\n\n<li>Mercredi<\/li>\n\n\n\n<li class=\"has-pale-cyan-blue-background-color has-background\">samedi<\/li>\n\n\n\n<li>Dimanche<\/li>\n\n\n\n<li>Mercredi<\/li>\n\n\n\n<li class=\"has-pale-cyan-blue-background-color has-background\">Samedi<\/li>\n\n\n\n<li><\/li>\n\n\n\n<li>Travaux entretien<\/li>\n<\/ul>\n<\/div><\/div>\n\n\n\n<hr class=\"wp-block-separator has-alpha-channel-opacity\" id=\"Ao\u00fbt27\"\/>\n\n\n\n<div class=\"wp-block-media-text is-stacked-on-mobile\" style=\"grid-template-columns:19% auto\"><figure class=\"wp-block-media-text__media\"><img data-recalc-dims=\"1\" loading=\"lazy\" decoding=\"async\" width=\"680\" height=\"274\" src=\"https:\/\/i0.wp.com\/ceylou.com\/wordpress\/wp-content\/uploads\/2024\/06\/STAGE-CATA-ET-MONO.png?resize=680%2C274&#038;ssl=1\" alt=\"\" class=\"wp-image-34900 size-full\" srcset=\"https:\/\/i0.wp.com\/ceylou.com\/wordpress\/wp-content\/uploads\/2024\/06\/STAGE-CATA-ET-MONO.png?w=680&amp;ssl=1 680w, https:\/\/i0.wp.com\/ceylou.com\/wordpress\/wp-content\/uploads\/2024\/06\/STAGE-CATA-ET-MONO.png?resize=228%2C92&amp;ssl=1 228w, https:\/\/i0.wp.com\/ceylou.com\/wordpress\/wp-content\/uploads\/2024\/06\/STAGE-CATA-ET-MONO.png?resize=380%2C153&amp;ssl=1 380w\" sizes=\"auto, (max-width: 680px) 100vw, 680px\" \/><\/figure><div class=\"wp-block-media-text__content\">\n<p class=\"has-text-align-center wp-block-paragraph\"><strong>COURS, BAPT\u00cbMES, PERMANENCES,<\/strong><br><strong> ENTRETIENS, EVENEMENTS , STAGES MER<\/strong>..<br><a href=\"#mois\">Choisir autre mois&gt;<\/a><strong> <\/strong><br><strong>AOUT 2027<\/strong><\/p>\n\n\n\n<ul class=\"wp-block-list\">\n<li><img data-recalc-dims=\"1\" decoding=\"async\" class=\"wp-image-4438\" style=\"width: 150px;\" src=\"https:\/\/i0.wp.com\/ceylou.com\/wordpress\/wp-content\/uploads\/2020\/05\/ARTICLE-bowman_singe_N1-jpg.webp?ssl=1\" alt=\"cours \u00e9quipier Singe\"><br>Permanences<\/li>\n\n\n\n<li><img data-recalc-dims=\"1\" loading=\"lazy\" decoding=\"async\" width=\"150\" height=\"113\" class=\"wp-image-8842\" style=\"width: 150px;\" src=\"https:\/\/i0.wp.com\/ceylou.com\/wordpress\/wp-content\/uploads\/2021\/01\/Cours-inscription-jpg.webp?resize=150%2C113&#038;ssl=1\" alt=\"cours voile lyon\"><br>Mercredi Cours voile Lyon decines<\/li>\n\n\n\n<li class=\"has-pale-cyan-blue-background-color has-background\">Samedi<\/li>\n\n\n\n<li>Dimanche<\/li>\n\n\n\n<li>Mercredi<\/li>\n\n\n\n<li class=\"has-pale-cyan-blue-background-color has-background\">samedi<\/li>\n\n\n\n<li>Dimanche<\/li>\n\n\n\n<li>Mercredi<\/li>\n\n\n\n<li class=\"has-pale-cyan-blue-background-color has-background\">samedi<\/li>\n\n\n\n<li>Dimanche<\/li>\n\n\n\n<li>Mercredi<\/li>\n\n\n\n<li class=\"has-pale-cyan-blue-background-color has-background\">Samedi<\/li>\n\n\n\n<li><\/li>\n\n\n\n<li>Travaux entretien<\/li>\n<\/ul>\n<\/div><\/div>\n\n\n\n<hr class=\"wp-block-separator has-alpha-channel-opacity\" id=\"Sept27\"\/>\n\n\n\n<div class=\"wp-block-media-text is-stacked-on-mobile\" style=\"grid-template-columns:18% auto\"><figure class=\"wp-block-media-text__media\"><img data-recalc-dims=\"1\" loading=\"lazy\" decoding=\"async\" width=\"680\" height=\"274\" src=\"https:\/\/i0.wp.com\/ceylou.com\/wordpress\/wp-content\/uploads\/2024\/06\/STAGE-CATA-ET-MONO.png?resize=680%2C274&#038;ssl=1\" alt=\"\" class=\"wp-image-34900 size-full\" srcset=\"https:\/\/i0.wp.com\/ceylou.com\/wordpress\/wp-content\/uploads\/2024\/06\/STAGE-CATA-ET-MONO.png?w=680&amp;ssl=1 680w, https:\/\/i0.wp.com\/ceylou.com\/wordpress\/wp-content\/uploads\/2024\/06\/STAGE-CATA-ET-MONO.png?resize=228%2C92&amp;ssl=1 228w, https:\/\/i0.wp.com\/ceylou.com\/wordpress\/wp-content\/uploads\/2024\/06\/STAGE-CATA-ET-MONO.png?resize=380%2C153&amp;ssl=1 380w\" sizes=\"auto, (max-width: 680px) 100vw, 680px\" \/><\/figure><div class=\"wp-block-media-text__content\">\n<p class=\"has-text-align-center wp-block-paragraph\"><strong>COURS, BAPT\u00cbMES, PERMANENCES,<\/strong><br><strong> ENTRETIENS, EVENEMENTS , STAGES MER<\/strong>..<br><a href=\"#mois\">Choisir autre mois&gt;<\/a><strong> <\/strong><br><strong>SEPTEMBRE 2027<\/strong><\/p>\n\n\n\n<ul class=\"wp-block-list\">\n<li><img data-recalc-dims=\"1\" decoding=\"async\" class=\"wp-image-4438\" style=\"width: 150px;\" src=\"https:\/\/i0.wp.com\/ceylou.com\/wordpress\/wp-content\/uploads\/2020\/05\/ARTICLE-bowman_singe_N1-jpg.webp?ssl=1\" alt=\"cours \u00e9quipier Singe\"><br>Permanences<\/li>\n\n\n\n<li><img data-recalc-dims=\"1\" loading=\"lazy\" decoding=\"async\" width=\"150\" height=\"113\" class=\"wp-image-8842\" style=\"width: 150px;\" src=\"https:\/\/i0.wp.com\/ceylou.com\/wordpress\/wp-content\/uploads\/2021\/01\/Cours-inscription-jpg.webp?resize=150%2C113&#038;ssl=1\" alt=\"cours voile lyon\"><br>Mercredi Cours voile Lyon decines<\/li>\n\n\n\n<li class=\"has-pale-cyan-blue-background-color has-background\">Samedi<\/li>\n\n\n\n<li>Dimanche<\/li>\n\n\n\n<li>Mercredi<\/li>\n\n\n\n<li class=\"has-pale-cyan-blue-background-color has-background\">samedi<\/li>\n\n\n\n<li>Dimanche<\/li>\n\n\n\n<li>Mercredi<\/li>\n\n\n\n<li class=\"has-pale-cyan-blue-background-color has-background\">samedi<\/li>\n\n\n\n<li>Dimanche<\/li>\n\n\n\n<li>Mercredi<\/li>\n\n\n\n<li class=\"has-pale-cyan-blue-background-color has-background\">Samedi<\/li>\n\n\n\n<li><\/li>\n\n\n\n<li>Travaux entretien<\/li>\n<\/ul>\n<\/div><\/div>\n\n\n\n<p class=\"has-text-align-center has-luminous-vivid-amber-background-color has-background has-medium-font-size wp-block-paragraph\"><a href=\"https:\/\/ceylou.com\/wordpress\/cours-voile-lyon-apprendre-bases-croisiere-pour-les-nuls-sinscrire-decines\/\">RETOUR PAGE COURS&gt;<\/a><\/p>\n\n\n\n<h3 class=\"wp-block-heading has-text-align-center has-luminous-vivid-amber-background-color has-background\"><a href=\"https:\/\/ceylou.com\/wordpress\/naviguer-mer-voilier-ecole-stage\/\">Retour page toutes activit\u00e9s<\/a><\/h3>\n\n\n\n<p class=\"has-text-align-center has-luminous-vivid-amber-background-color has-background has-medium-font-size wp-block-paragraph\"><a href=\"https:\/\/ceylou.com\/wordpress\/\">Retour page accueil et tous les acc\u00e9s&gt;<\/a><\/p>\n\n\n<div id=\"metaslider-id-40840\" style=\"max-width: 500px;\" class=\"ml-slider-3-110-0 metaslider metaslider-flex metaslider-40840 ml-slider has-dots-nav ml-slider-lightbox-2-34-0 lightbox-disabled ms-theme-jenga\" role=\"region\" aria-label=\"Brigantine MENU VERT\" data-height=\"372\" data-width=\"500\">\n    <div id=\"metaslider_container_40840\">\n        <div id=\"metaslider_40840\">\n            <ul aria-live='off' class='slides'>\n                <li style=\"display: block; width: 100%;\" class=\"slide-40841 ms-image \" aria-roledescription=\"slide\" data-date=\"2026-06-26 07:49:16\" data-filename=\"Capture-decran-2026-05-27-a-03.28.14-352x262.png\" data-slide-type=\"image\"><a href=\"https:\/\/ceylou.com\/wordpress\/\" target=\"_self\" aria-label=\"ACCUEIL\" class=\"metaslider_image_link\"><img data-recalc-dims=\"1\" loading=\"lazy\" decoding=\"async\" src=\"https:\/\/i0.wp.com\/ceylou.com\/wordpress\/wp-content\/uploads\/2026\/05\/Capture-decran-2026-05-27-a-03.28.14.png?resize=500%2C372&#038;ssl=1\" height=\"372\" width=\"500\" alt=\"GALERIE MENU\" class=\"slider-40840 slide-40841 msDefaultImage\" title=\"Capture d\u2019\u00e9cran 2026-05-27 \u00e0 03.28.14\" \/><\/a><\/li>\n                <li style=\"display: none; width: 100%;\" class=\"slide-40842 ms-image \" aria-roledescription=\"slide\" data-date=\"2026-06-26 07:49:39\" data-filename=\"Activites-Brigantine-1-287x214.png\" data-slide-type=\"image\"><a href=\"https:\/\/ceylou.com\/wordpress\/naviguer-mer-voilier-ecole-stage\/\" target=\"_self\" aria-label=\"Nos activit\u00e9s\" class=\"metaslider_image_link\"><img data-recalc-dims=\"1\" loading=\"lazy\" decoding=\"async\" src=\"https:\/\/i0.wp.com\/ceylou.com\/wordpress\/wp-content\/uploads\/2026\/05\/Activites-Brigantine-1.png?resize=500%2C372&#038;ssl=1\" height=\"372\" width=\"500\" alt=\"\" class=\"slider-40840 slide-40842 msDefaultImage\" title=\"Activit\u00e9s Brigantine\" \/><\/a><\/li>\n                <li style=\"display: none; width: 100%;\" class=\"slide-40843 ms-image \" aria-roledescription=\"slide\" data-date=\"2026-06-26 07:49:57\" data-filename=\"Tarifs-Brigantine-282x209.png\" data-slide-type=\"image\"><a href=\"https:\/\/ceylou.com\/wordpress\/tarifs-brigantine\/\" target=\"_self\" aria-label=\"Tarifs\" class=\"metaslider_image_link\"><img data-recalc-dims=\"1\" loading=\"lazy\" decoding=\"async\" src=\"https:\/\/i0.wp.com\/ceylou.com\/wordpress\/wp-content\/uploads\/2026\/05\/Tarifs-Brigantine.png?resize=500%2C372&#038;ssl=1\" height=\"372\" width=\"500\" alt=\"\" class=\"slider-40840 slide-40843 msDefaultImage\" title=\"Tarifs Brigantine\" \/><\/a><\/li>\n                <li style=\"display: none; width: 100%;\" class=\"slide-40844 ms-image \" aria-roledescription=\"slide\" data-date=\"2026-06-26 07:50:13\" data-filename=\"News-Brigantin-279x208.png\" data-slide-type=\"image\"><a href=\"https:\/\/ceylou.com\/wordpress\/news-brigantine\/\" target=\"_self\" aria-label=\"News\" class=\"metaslider_image_link\"><img data-recalc-dims=\"1\" loading=\"lazy\" decoding=\"async\" src=\"https:\/\/i0.wp.com\/ceylou.com\/wordpress\/wp-content\/uploads\/2026\/05\/News-Brigantin.png?resize=500%2C372&#038;ssl=1\" height=\"372\" width=\"500\" alt=\"\" class=\"slider-40840 slide-40844 msDefaultImage\" title=\"News Brigantin\" \/><\/a><\/li>\n                <li style=\"display: none; width: 100%;\" class=\"slide-40845 ms-image \" aria-roledescription=\"slide\" data-date=\"2026-06-26 07:50:39\" data-filename=\"Photos-videos-Brigantine-284x212.png\" data-slide-type=\"image\"><a href=\"https:\/\/ceylou.com\/wordpress\/galeries\/\" target=\"_self\" aria-label=\"Galerie photos\" class=\"metaslider_image_link\"><img data-recalc-dims=\"1\" loading=\"lazy\" decoding=\"async\" src=\"https:\/\/i0.wp.com\/ceylou.com\/wordpress\/wp-content\/uploads\/2026\/05\/Photos-videos-Brigantine.png?resize=500%2C372&#038;ssl=1\" height=\"372\" width=\"500\" alt=\"\" class=\"slider-40840 slide-40845 msDefaultImage\" title=\"Photos vid\u00e9os Brigantine\" \/><\/a><\/li>\n                <li style=\"display: none; width: 100%;\" class=\"slide-40846 ms-image \" aria-roledescription=\"slide\" data-date=\"2026-06-26 07:51:03\" data-filename=\"Class7-aspro-282x210.png\" data-slide-type=\"image\"><a href=\"https:\/\/ceylou.com\/wordpress\/first-class7-association\/\" target=\"_self\" aria-label=\"Class7 association\" class=\"metaslider_image_link\"><img data-recalc-dims=\"1\" loading=\"lazy\" decoding=\"async\" src=\"https:\/\/i0.wp.com\/ceylou.com\/wordpress\/wp-content\/uploads\/2026\/05\/Class7-aspro.png?resize=500%2C372&#038;ssl=1\" height=\"372\" width=\"500\" alt=\"\" class=\"slider-40840 slide-40846 msDefaultImage\" title=\"Class7 aspro\" \/><\/a><\/li>\n            <\/ul>\n        <div class='flex-progress-bar'><\/div>\n        <\/div>\n        \n    <\/div>\n<\/div>\n\n\n\n<p class=\"has-text-align-center has-luminous-vivid-amber-background-color has-background has-medium-font-size wp-block-paragraph\"><a href=\"https:\/\/ceylou.com\/wordpress\/category\/evenements-brigantine\/\">RETOUR PAGE NEWS \u00e9v\u00e9nements Brigantine&gt;<\/a><\/p>\n\n\n\n<h3 class=\"wp-block-heading has-text-align-center has-luminous-vivid-amber-background-color has-background\"><a href=\"https:\/\/ceylou.com\/wordpress\/naviguer-mer-voilier-ecole-stage\/\">Retour pages toutes activit\u00e9s<\/a><\/h3>\n\n\n\n<p class=\"wp-block-paragraph\"><\/p>\n","protected":false},"excerpt":{"rendered":"<p>R\u00e9servations programme toutes activit\u00e9s voileLYON ET MER A)S\u00e9ance activit\u00e9s Lyon D\u00e9cines 2026>2027 de 11H30 \u00e0 17H0 -11H30 Pr\u00e9paration des bateaux&#8211; puis repas tir\u00e9 du panier et briefing&#8211;13H30 GREER ET DEPART [&hellip;]<\/p>\n","protected":false},"author":1,"featured_media":8842,"comment_status":"closed","ping_status":"closed","sticky":false,"template":"","format":"standard","meta":{"_uf_show_specific_survey":0,"_uf_disable_surveys":false,"site-sidebar-layout":"default","site-content-layout":"","ast-site-content-layout":"default","site-content-style":"default","site-sidebar-style":"default","ast-global-header-display":"","ast-banner-title-visibility":"","ast-main-header-display":"","ast-hfb-above-header-display":"","ast-hfb-below-header-display":"","ast-hfb-mobile-header-display":"","site-post-title":"disabled","ast-breadcrumbs-content":"","ast-featured-img":"","footer-sml-layout":"","ast-disable-related-posts":"","theme-transparent-header-meta":"","adv-header-id-meta":"","stick-header-meta":"","header-above-stick-meta":"","header-main-stick-meta":"","header-below-stick-meta":"","astra-migrate-meta-layouts":"set","ast-page-background-enabled":"default","ast-page-background-meta":{"desktop":{"background-color":"var(--ast-global-color-4)","background-image":"","background-repeat":"repeat","background-position":"center center","background-size":"auto","background-attachment":"scroll","background-type":"","background-media":"","overlay-type":"","overlay-color":"","overlay-opacity":"","overlay-gradient":""},"tablet":{"background-color":"","background-image":"","background-repeat":"repeat","background-position":"center center","background-size":"auto","background-attachment":"scroll","background-type":"","background-media":"","overlay-type":"","overlay-color":"","overlay-opacity":"","overlay-gradient":""},"mobile":{"background-color":"","background-image":"","background-repeat":"repeat","background-position":"center center","background-size":"auto","background-attachment":"scroll","background-type":"","background-media":"","overlay-type":"","overlay-color":"","overlay-opacity":"","overlay-gradient":""}},"ast-content-background-meta":{"desktop":{"background-color":"var(--ast-global-color-5)","background-image":"","background-repeat":"repeat","background-position":"center center","background-size":"auto","background-attachment":"scroll","background-type":"","background-media":"","overlay-type":"","overlay-color":"","overlay-opacity":"","overlay-gradient":""},"tablet":{"background-color":"var(--ast-global-color-5)","background-image":"","background-repeat":"repeat","background-position":"center center","background-size":"auto","background-attachment":"scroll","background-type":"","background-media":"","overlay-type":"","overlay-color":"","overlay-opacity":"","overlay-gradient":""},"mobile":{"background-color":"var(--ast-global-color-5)","background-image":"","background-repeat":"repeat","background-position":"center center","background-size":"auto","background-attachment":"scroll","background-type":"","background-media":"","overlay-type":"","overlay-color":"","overlay-opacity":"","overlay-gradient":""}},"_price":"","_stock":"","_tribe_ticket_header":"","_tribe_default_ticket_provider":"","_tribe_ticket_capacity":"0","_ticket_start_date":"","_ticket_end_date":"","_tribe_ticket_show_description":"","_tribe_ticket_show_not_going":false,"_tribe_ticket_use_global_stock":"","_tribe_ticket_global_stock_level":"","_global_stock_mode":"","_global_stock_cap":"","_tribe_rsvp_for_event":"","_tribe_ticket_going_count":"","_tribe_ticket_not_going_count":"","_tribe_tickets_list":"[]","_tribe_ticket_has_attendee_info_fields":false,"_EventAllDay":false,"_EventTimezone":"","_EventStartDate":"","_EventEndDate":"","_EventStartDateUTC":"","_EventEndDateUTC":"","_EventShowMap":false,"_EventShowMapLink":false,"_EventURL":"","_EventCost":"","_EventCostDescription":"","_EventCurrencySymbol":"","_EventCurrencyCode":"","_EventCurrencyPosition":"","_EventDateTimeSeparator":"","_EventTimeRangeSeparator":"","_EventOrganizerID":[],"_EventVenueID":[],"_OrganizerEmail":"","_OrganizerPhone":"","_OrganizerWebsite":"","_VenueAddress":"","_VenueCity":"","_VenueCountry":"","_VenueProvince":"","_VenueState":"","_VenueZip":"","_VenuePhone":"","_VenueURL":"","_VenueStateProvince":"","_VenueLat":"","_VenueLng":"","_VenueShowMap":false,"_VenueShowMapLink":false,"footnotes":"","jetpack_post_was_ever_published":false},"categories":[8,223],"tags":[],"class_list":["post-37825","post","type-post","status-publish","format-standard","has-post-thumbnail","hentry","category-cours-de-voile-formation-croisiere","category-evenements-brigantine"],"yoast_head":"<!-- This site is optimized with the Yoast SEO plugin v27.8 - https:\/\/yoast.com\/product\/yoast-seo-wordpress\/ -->\n<title>RESERVATIONS COURS VOILE HABITABLE Lyon Decines - BRIGANTINE<\/title>\n<meta name=\"description\" content=\"Reservez vites un cours de voile sur voiliers habitables Lyon base de Decines lac grand large Decines Meyzieu&gt;++\" \/>\n<meta name=\"robots\" content=\"index, follow, max-snippet:-1, max-image-preview:large, max-video-preview:-1\" \/>\n<link rel=\"canonical\" href=\"https:\/\/ceylou.com\/wordpress\/reservations-cours-voile-habitable-lyon-decines\/\" \/>\n<meta property=\"og:locale\" content=\"fr_FR\" \/>\n<meta property=\"og:type\" content=\"article\" \/>\n<meta property=\"og:title\" content=\"RESERVATIONS COURS VOILE HABITABLE Lyon Decines - BRIGANTINE\" \/>\n<meta property=\"og:description\" content=\"Reservez vites un cours de voile sur voiliers habitables Lyon base de Decines lac grand large Decines Meyzieu&gt;++\" \/>\n<meta property=\"og:url\" content=\"https:\/\/ceylou.com\/wordpress\/reservations-cours-voile-habitable-lyon-decines\/\" \/>\n<meta property=\"og:site_name\" content=\"BRIGANTINE\" \/>\n<meta property=\"article:publisher\" content=\"https:\/\/www.facebook.com\/groups\/693945317450065\" \/>\n<meta property=\"article:published_time\" content=\"2026-01-12T05:57:37+00:00\" \/>\n<meta property=\"article:modified_time\" content=\"2026-09-04T20:43:13+00:00\" \/>\n<meta property=\"og:image\" content=\"https:\/\/ceylou.com\/wordpress\/wp-content\/uploads\/2021\/01\/Cours-inscription-jpg.webp\" \/>\n\t<meta property=\"og:image:width\" content=\"150\" \/>\n\t<meta property=\"og:image:height\" content=\"113\" \/>\n\t<meta property=\"og:image:type\" content=\"image\/jpeg\" \/>\n<meta name=\"author\" content=\"Morpho\" \/>\n<meta name=\"twitter:card\" content=\"summary_large_image\" \/>\n<meta name=\"twitter:label1\" content=\"\u00c9crit par\" \/>\n\t<meta name=\"twitter:data1\" content=\"Morpho\" \/>\n\t<meta name=\"twitter:label2\" content=\"Dur\u00e9e de lecture estim\u00e9e\" \/>\n\t<meta name=\"twitter:data2\" content=\"14 minutes\" \/>\n<script type=\"application\/ld+json\" class=\"yoast-schema-graph\">{\"@context\":\"https:\\\/\\\/schema.org\",\"@graph\":[{\"@type\":\"Article\",\"@id\":\"https:\\\/\\\/ceylou.com\\\/wordpress\\\/reservations-cours-voile-habitable-lyon-decines\\\/#article\",\"isPartOf\":{\"@id\":\"https:\\\/\\\/ceylou.com\\\/wordpress\\\/reservations-cours-voile-habitable-lyon-decines\\\/\"},\"author\":{\"name\":\"Morpho\",\"@id\":\"https:\\\/\\\/ceylou.com\\\/wordpress\\\/#\\\/schema\\\/person\\\/0f6625c6cd3267bec1d8e7c9024f8570\"},\"headline\":\"RESERVATIONS COURS VOILE HABITABLE Lyon Decines\",\"datePublished\":\"2026-01-12T05:57:37+00:00\",\"dateModified\":\"2026-09-04T20:43:13+00:00\",\"mainEntityOfPage\":{\"@id\":\"https:\\\/\\\/ceylou.com\\\/wordpress\\\/reservations-cours-voile-habitable-lyon-decines\\\/\"},\"wordCount\":914,\"publisher\":{\"@id\":\"https:\\\/\\\/ceylou.com\\\/wordpress\\\/#organization\"},\"image\":{\"@id\":\"https:\\\/\\\/ceylou.com\\\/wordpress\\\/reservations-cours-voile-habitable-lyon-decines\\\/#primaryimage\"},\"thumbnailUrl\":\"https:\\\/\\\/i0.wp.com\\\/ceylou.com\\\/wordpress\\\/wp-content\\\/uploads\\\/2021\\\/01\\\/Cours-inscription-jpg.webp?fit=150%2C113&ssl=1\",\"articleSection\":[\"Cours\",\"Evenements Brigantine\"],\"inLanguage\":\"fr-FR\"},{\"@type\":\"WebPage\",\"@id\":\"https:\\\/\\\/ceylou.com\\\/wordpress\\\/reservations-cours-voile-habitable-lyon-decines\\\/\",\"url\":\"https:\\\/\\\/ceylou.com\\\/wordpress\\\/reservations-cours-voile-habitable-lyon-decines\\\/\",\"name\":\"RESERVATIONS COURS VOILE HABITABLE Lyon Decines - BRIGANTINE\",\"isPartOf\":{\"@id\":\"https:\\\/\\\/ceylou.com\\\/wordpress\\\/#website\"},\"primaryImageOfPage\":{\"@id\":\"https:\\\/\\\/ceylou.com\\\/wordpress\\\/reservations-cours-voile-habitable-lyon-decines\\\/#primaryimage\"},\"image\":{\"@id\":\"https:\\\/\\\/ceylou.com\\\/wordpress\\\/reservations-cours-voile-habitable-lyon-decines\\\/#primaryimage\"},\"thumbnailUrl\":\"https:\\\/\\\/i0.wp.com\\\/ceylou.com\\\/wordpress\\\/wp-content\\\/uploads\\\/2021\\\/01\\\/Cours-inscription-jpg.webp?fit=150%2C113&ssl=1\",\"datePublished\":\"2026-01-12T05:57:37+00:00\",\"dateModified\":\"2026-09-04T20:43:13+00:00\",\"description\":\"Reservez vites un cours de voile sur voiliers habitables Lyon base de Decines lac grand large Decines Meyzieu>++\",\"breadcrumb\":{\"@id\":\"https:\\\/\\\/ceylou.com\\\/wordpress\\\/reservations-cours-voile-habitable-lyon-decines\\\/#breadcrumb\"},\"inLanguage\":\"fr-FR\",\"potentialAction\":[{\"@type\":\"ReadAction\",\"target\":[\"https:\\\/\\\/ceylou.com\\\/wordpress\\\/reservations-cours-voile-habitable-lyon-decines\\\/\"]}]},{\"@type\":\"ImageObject\",\"inLanguage\":\"fr-FR\",\"@id\":\"https:\\\/\\\/ceylou.com\\\/wordpress\\\/reservations-cours-voile-habitable-lyon-decines\\\/#primaryimage\",\"url\":\"https:\\\/\\\/i0.wp.com\\\/ceylou.com\\\/wordpress\\\/wp-content\\\/uploads\\\/2021\\\/01\\\/Cours-inscription-jpg.webp?fit=150%2C113&ssl=1\",\"contentUrl\":\"https:\\\/\\\/i0.wp.com\\\/ceylou.com\\\/wordpress\\\/wp-content\\\/uploads\\\/2021\\\/01\\\/Cours-inscription-jpg.webp?fit=150%2C113&ssl=1\",\"width\":150,\"height\":113,\"caption\":\"cours de voile adultes voiliers habitables de croisi\u00e8re\"},{\"@type\":\"BreadcrumbList\",\"@id\":\"https:\\\/\\\/ceylou.com\\\/wordpress\\\/reservations-cours-voile-habitable-lyon-decines\\\/#breadcrumb\",\"itemListElement\":[{\"@type\":\"ListItem\",\"position\":1,\"name\":\"Accueil\",\"item\":\"https:\\\/\\\/ceylou.com\\\/wordpress\\\/\"},{\"@type\":\"ListItem\",\"position\":2,\"name\":\"RESERVATIONS COURS VOILE HABITABLE Lyon Decines\"}]},{\"@type\":\"WebSite\",\"@id\":\"https:\\\/\\\/ceylou.com\\\/wordpress\\\/#website\",\"url\":\"https:\\\/\\\/ceylou.com\\\/wordpress\\\/\",\"name\":\"BRIGANTINE\",\"description\":\"premi\u00e8re \u00e9cole de voile diff\u00e9rente passion voile voiliers\",\"publisher\":{\"@id\":\"https:\\\/\\\/ceylou.com\\\/wordpress\\\/#organization\"},\"alternateName\":\"BRIGANTINE ECOLE DE VOILE\",\"potentialAction\":[{\"@type\":\"SearchAction\",\"target\":{\"@type\":\"EntryPoint\",\"urlTemplate\":\"https:\\\/\\\/ceylou.com\\\/wordpress\\\/?s={search_term_string}\"},\"query-input\":{\"@type\":\"PropertyValueSpecification\",\"valueRequired\":true,\"valueName\":\"search_term_string\"}}],\"inLanguage\":\"fr-FR\"},{\"@type\":\"Organization\",\"@id\":\"https:\\\/\\\/ceylou.com\\\/wordpress\\\/#organization\",\"name\":\"ceylou.com Brigantine\",\"url\":\"https:\\\/\\\/ceylou.com\\\/wordpress\\\/\",\"logo\":{\"@type\":\"ImageObject\",\"inLanguage\":\"fr-FR\",\"@id\":\"https:\\\/\\\/ceylou.com\\\/wordpress\\\/#\\\/schema\\\/logo\\\/image\\\/\",\"url\":\"https:\\\/\\\/i0.wp.com\\\/ceylou.com\\\/wordpress\\\/wp-content\\\/uploads\\\/2023\\\/01\\\/BRIGANTINE-Yacht-Club.jpg?fit=646%2C425&ssl=1\",\"contentUrl\":\"https:\\\/\\\/i0.wp.com\\\/ceylou.com\\\/wordpress\\\/wp-content\\\/uploads\\\/2023\\\/01\\\/BRIGANTINE-Yacht-Club.jpg?fit=646%2C425&ssl=1\",\"width\":646,\"height\":425,\"caption\":\"ceylou.com Brigantine\"},\"image\":{\"@id\":\"https:\\\/\\\/ceylou.com\\\/wordpress\\\/#\\\/schema\\\/logo\\\/image\\\/\"},\"sameAs\":[\"https:\\\/\\\/www.facebook.com\\\/groups\\\/693945317450065\",\"https:\\\/\\\/www.youtube.com\\\/user\\\/ceylou1\\\/playlists?view_as=public\"]},{\"@type\":\"Person\",\"@id\":\"https:\\\/\\\/ceylou.com\\\/wordpress\\\/#\\\/schema\\\/person\\\/0f6625c6cd3267bec1d8e7c9024f8570\",\"name\":\"Morpho\",\"image\":{\"@type\":\"ImageObject\",\"inLanguage\":\"fr-FR\",\"@id\":\"https:\\\/\\\/secure.gravatar.com\\\/avatar\\\/1b87e9d64776bdccd82f0b6c28cefa1fdb34ae24d0c2051141545d4df78c820e?s=96&d=mm&r=g\",\"url\":\"https:\\\/\\\/secure.gravatar.com\\\/avatar\\\/1b87e9d64776bdccd82f0b6c28cefa1fdb34ae24d0c2051141545d4df78c820e?s=96&d=mm&r=g\",\"contentUrl\":\"https:\\\/\\\/secure.gravatar.com\\\/avatar\\\/1b87e9d64776bdccd82f0b6c28cefa1fdb34ae24d0c2051141545d4df78c820e?s=96&d=mm&r=g\",\"caption\":\"Morpho\"},\"url\":\"https:\\\/\\\/ceylou.com\\\/wordpress\\\/author\\\/ceylou\\\/\"}]}<\/script>\n<!-- \/ Yoast SEO plugin. -->","yoast_head_json":{"title":"RESERVATIONS COURS VOILE HABITABLE Lyon Decines - BRIGANTINE","description":"Reservez vites un cours de voile sur voiliers habitables Lyon base de Decines lac grand large Decines Meyzieu>++","robots":{"index":"index","follow":"follow","max-snippet":"max-snippet:-1","max-image-preview":"max-image-preview:large","max-video-preview":"max-video-preview:-1"},"canonical":"https:\/\/ceylou.com\/wordpress\/reservations-cours-voile-habitable-lyon-decines\/","og_locale":"fr_FR","og_type":"article","og_title":"RESERVATIONS COURS VOILE HABITABLE Lyon Decines - BRIGANTINE","og_description":"Reservez vites un cours de voile sur voiliers habitables Lyon base de Decines lac grand large Decines Meyzieu>++","og_url":"https:\/\/ceylou.com\/wordpress\/reservations-cours-voile-habitable-lyon-decines\/","og_site_name":"BRIGANTINE","article_publisher":"https:\/\/www.facebook.com\/groups\/693945317450065","article_published_time":"2026-01-12T05:57:37+00:00","article_modified_time":"2026-09-04T20:43:13+00:00","og_image":[{"width":150,"height":113,"url":"https:\/\/ceylou.com\/wordpress\/wp-content\/uploads\/2021\/01\/Cours-inscription-jpg.webp","type":"image\/jpeg"}],"author":"Morpho","twitter_card":"summary_large_image","twitter_misc":{"\u00c9crit par":"Morpho","Dur\u00e9e de lecture estim\u00e9e":"14 minutes"},"schema":{"@context":"https:\/\/schema.org","@graph":[{"@type":"Article","@id":"https:\/\/ceylou.com\/wordpress\/reservations-cours-voile-habitable-lyon-decines\/#article","isPartOf":{"@id":"https:\/\/ceylou.com\/wordpress\/reservations-cours-voile-habitable-lyon-decines\/"},"author":{"name":"Morpho","@id":"https:\/\/ceylou.com\/wordpress\/#\/schema\/person\/0f6625c6cd3267bec1d8e7c9024f8570"},"headline":"RESERVATIONS COURS VOILE HABITABLE Lyon Decines","datePublished":"2026-01-12T05:57:37+00:00","dateModified":"2026-09-04T20:43:13+00:00","mainEntityOfPage":{"@id":"https:\/\/ceylou.com\/wordpress\/reservations-cours-voile-habitable-lyon-decines\/"},"wordCount":914,"publisher":{"@id":"https:\/\/ceylou.com\/wordpress\/#organization"},"image":{"@id":"https:\/\/ceylou.com\/wordpress\/reservations-cours-voile-habitable-lyon-decines\/#primaryimage"},"thumbnailUrl":"https:\/\/i0.wp.com\/ceylou.com\/wordpress\/wp-content\/uploads\/2021\/01\/Cours-inscription-jpg.webp?fit=150%2C113&ssl=1","articleSection":["Cours","Evenements Brigantine"],"inLanguage":"fr-FR"},{"@type":"WebPage","@id":"https:\/\/ceylou.com\/wordpress\/reservations-cours-voile-habitable-lyon-decines\/","url":"https:\/\/ceylou.com\/wordpress\/reservations-cours-voile-habitable-lyon-decines\/","name":"RESERVATIONS COURS VOILE HABITABLE Lyon Decines - BRIGANTINE","isPartOf":{"@id":"https:\/\/ceylou.com\/wordpress\/#website"},"primaryImageOfPage":{"@id":"https:\/\/ceylou.com\/wordpress\/reservations-cours-voile-habitable-lyon-decines\/#primaryimage"},"image":{"@id":"https:\/\/ceylou.com\/wordpress\/reservations-cours-voile-habitable-lyon-decines\/#primaryimage"},"thumbnailUrl":"https:\/\/i0.wp.com\/ceylou.com\/wordpress\/wp-content\/uploads\/2021\/01\/Cours-inscription-jpg.webp?fit=150%2C113&ssl=1","datePublished":"2026-01-12T05:57:37+00:00","dateModified":"2026-09-04T20:43:13+00:00","description":"Reservez vites un cours de voile sur voiliers habitables Lyon base de Decines lac grand large Decines Meyzieu>++","breadcrumb":{"@id":"https:\/\/ceylou.com\/wordpress\/reservations-cours-voile-habitable-lyon-decines\/#breadcrumb"},"inLanguage":"fr-FR","potentialAction":[{"@type":"ReadAction","target":["https:\/\/ceylou.com\/wordpress\/reservations-cours-voile-habitable-lyon-decines\/"]}]},{"@type":"ImageObject","inLanguage":"fr-FR","@id":"https:\/\/ceylou.com\/wordpress\/reservations-cours-voile-habitable-lyon-decines\/#primaryimage","url":"https:\/\/i0.wp.com\/ceylou.com\/wordpress\/wp-content\/uploads\/2021\/01\/Cours-inscription-jpg.webp?fit=150%2C113&ssl=1","contentUrl":"https:\/\/i0.wp.com\/ceylou.com\/wordpress\/wp-content\/uploads\/2021\/01\/Cours-inscription-jpg.webp?fit=150%2C113&ssl=1","width":150,"height":113,"caption":"cours de voile adultes voiliers habitables de croisi\u00e8re"},{"@type":"BreadcrumbList","@id":"https:\/\/ceylou.com\/wordpress\/reservations-cours-voile-habitable-lyon-decines\/#breadcrumb","itemListElement":[{"@type":"ListItem","position":1,"name":"Accueil","item":"https:\/\/ceylou.com\/wordpress\/"},{"@type":"ListItem","position":2,"name":"RESERVATIONS COURS VOILE HABITABLE Lyon Decines"}]},{"@type":"WebSite","@id":"https:\/\/ceylou.com\/wordpress\/#website","url":"https:\/\/ceylou.com\/wordpress\/","name":"BRIGANTINE","description":"premi\u00e8re \u00e9cole de voile diff\u00e9rente passion voile voiliers","publisher":{"@id":"https:\/\/ceylou.com\/wordpress\/#organization"},"alternateName":"BRIGANTINE ECOLE DE VOILE","potentialAction":[{"@type":"SearchAction","target":{"@type":"EntryPoint","urlTemplate":"https:\/\/ceylou.com\/wordpress\/?s={search_term_string}"},"query-input":{"@type":"PropertyValueSpecification","valueRequired":true,"valueName":"search_term_string"}}],"inLanguage":"fr-FR"},{"@type":"Organization","@id":"https:\/\/ceylou.com\/wordpress\/#organization","name":"ceylou.com Brigantine","url":"https:\/\/ceylou.com\/wordpress\/","logo":{"@type":"ImageObject","inLanguage":"fr-FR","@id":"https:\/\/ceylou.com\/wordpress\/#\/schema\/logo\/image\/","url":"https:\/\/i0.wp.com\/ceylou.com\/wordpress\/wp-content\/uploads\/2023\/01\/BRIGANTINE-Yacht-Club.jpg?fit=646%2C425&ssl=1","contentUrl":"https:\/\/i0.wp.com\/ceylou.com\/wordpress\/wp-content\/uploads\/2023\/01\/BRIGANTINE-Yacht-Club.jpg?fit=646%2C425&ssl=1","width":646,"height":425,"caption":"ceylou.com Brigantine"},"image":{"@id":"https:\/\/ceylou.com\/wordpress\/#\/schema\/logo\/image\/"},"sameAs":["https:\/\/www.facebook.com\/groups\/693945317450065","https:\/\/www.youtube.com\/user\/ceylou1\/playlists?view_as=public"]},{"@type":"Person","@id":"https:\/\/ceylou.com\/wordpress\/#\/schema\/person\/0f6625c6cd3267bec1d8e7c9024f8570","name":"Morpho","image":{"@type":"ImageObject","inLanguage":"fr-FR","@id":"https:\/\/secure.gravatar.com\/avatar\/1b87e9d64776bdccd82f0b6c28cefa1fdb34ae24d0c2051141545d4df78c820e?s=96&d=mm&r=g","url":"https:\/\/secure.gravatar.com\/avatar\/1b87e9d64776bdccd82f0b6c28cefa1fdb34ae24d0c2051141545d4df78c820e?s=96&d=mm&r=g","contentUrl":"https:\/\/secure.gravatar.com\/avatar\/1b87e9d64776bdccd82f0b6c28cefa1fdb34ae24d0c2051141545d4df78c820e?s=96&d=mm&r=g","caption":"Morpho"},"url":"https:\/\/ceylou.com\/wordpress\/author\/ceylou\/"}]}},"jetpack_featured_media_url":"https:\/\/i0.wp.com\/ceylou.com\/wordpress\/wp-content\/uploads\/2021\/01\/Cours-inscription-jpg.webp?fit=150%2C113&ssl=1","_links":{"self":[{"href":"https:\/\/ceylou.com\/wordpress\/wp-json\/wp\/v2\/posts\/37825","targetHints":{"allow":["GET"]}}],"collection":[{"href":"https:\/\/ceylou.com\/wordpress\/wp-json\/wp\/v2\/posts"}],"about":[{"href":"https:\/\/ceylou.com\/wordpress\/wp-json\/wp\/v2\/types\/post"}],"author":[{"embeddable":true,"href":"https:\/\/ceylou.com\/wordpress\/wp-json\/wp\/v2\/users\/1"}],"replies":[{"embeddable":true,"href":"https:\/\/ceylou.com\/wordpress\/wp-json\/wp\/v2\/comments?post=37825"}],"version-history":[{"count":7,"href":"https:\/\/ceylou.com\/wordpress\/wp-json\/wp\/v2\/posts\/37825\/revisions"}],"predecessor-version":[{"id":42764,"href":"https:\/\/ceylou.com\/wordpress\/wp-json\/wp\/v2\/posts\/37825\/revisions\/42764"}],"wp:featuredmedia":[{"embeddable":true,"href":"https:\/\/ceylou.com\/wordpress\/wp-json\/wp\/v2\/media\/8842"}],"wp:attachment":[{"href":"https:\/\/ceylou.com\/wordpress\/wp-json\/wp\/v2\/media?parent=37825"}],"wp:term":[{"taxonomy":"category","embeddable":true,"href":"https:\/\/ceylou.com\/wordpress\/wp-json\/wp\/v2\/categories?post=37825"},{"taxonomy":"post_tag","embeddable":true,"href":"https:\/\/ceylou.com\/wordpress\/wp-json\/wp\/v2\/tags?post=37825"}],"curies":[{"name":"wp","href":"https:\/\/api.w.org\/{rel}","templated":true}]}}