{"id":37495,"date":"2025-12-14T03:25:24","date_gmt":"2025-12-14T02:25:24","guid":{"rendered":"https:\/\/ceylou.com\/wordpress\/?p=37495"},"modified":"2026-03-30T01:02:31","modified_gmt":"2026-03-29T23:02:31","slug":"reserver-activites","status":"publish","type":"post","link":"https:\/\/ceylou.com\/wordpress\/reserver-activites\/","title":{"rendered":"RESERVER ACTIVIT\u00c9S 2026 programme calendrier"},"content":{"rendered":"\n<h2 class=\"wp-block-heading has-text-align-center\">R\u00e9servez  Activit\u00e9 2026<\/h2>\n\n\n\n<p class=\"has-text-align-center has-luminous-vivid-amber-background-color has-background wp-block-paragraph\"><a href=\"https:\/\/ceylou.com\/wordpress\/\"><strong>RETOUR MENU PRINCIPAL<\/strong><mark style=\"background-color:rgba(0, 0, 0, 0);color:#cf2e2e\" class=\"has-inline-color\"><strong>&gt;CLIC<\/strong><\/mark><\/a><\/p>\n\n\n\n<p class=\"has-text-align-center has-luminous-vivid-amber-background-color has-background wp-block-paragraph\"><a href=\"https:\/\/ceylou.com\/wordpress\/naviguer-mer-voilier-ecole-stage\/\"><strong>RETOUR PAGE MENU ACTIVIT\u00cbS +INFOS <\/strong><\/a><\/p>\n\n\n\n<hr class=\"wp-block-separator aligncenter has-alpha-channel-opacity is-style-wide\" id=\"CHOIXMOIS\"\/>\n\n\n\n<h2 class=\"wp-block-heading has-text-align-center has-vivid-green-cyan-background-color has-background\"><strong><a href=\"https:\/\/ceylou.com\/wordpress\/cours-voile-lyon-apprendre-bases-croisiere-pour-les-nuls-sinscrire-decines\/\">RESERVER UN COURS DE VOILE><\/a><\/strong><br><a href=\"https:\/\/ceylou.com\/wordpress\/cours-voile-lyon-apprendre-bases-croisiere-pour-les-nuls-sinscrire-decines\/\"><strong> BASE DE LYON DECINES><\/strong><\/a><\/h2>\n\n\n\n<h3 class=\"wp-block-heading has-text-align-center has-cyan-bluish-gray-background-color has-background\"> TOUTES LES ACTIVITES  <strong>BRIGANTINE NEWS<mark style=\"background-color:rgba(0, 0, 0, 0);color:#cf2e2e\" class=\"has-inline-color\"><a href=\"https:\/\/ceylou.com\/wordpress\/les-news-brigantine\/\">>CLIC<\/a><\/mark><\/strong><br><\/h3>\n\n\n\n<p class=\"has-text-align-center has-pale-cyan-blue-background-color has-background has-medium-font-size wp-block-paragraph\" id=\"MOIS\"><strong><br><\/strong><a href=\"https:\/\/ceylou.com\/wordpress\/utiliser-agenda\/\"><strong>RESERVER ACTIVITES <\/strong><\/a><\/p>\n\n\n\n<p class=\"has-text-align-center has-pale-cyan-blue-background-color has-background has-medium-font-size wp-block-paragraph\" id=\"MOIS\"><a href=\"https:\/\/ceylou.com\/wordpress\/utiliser-agenda\/\"><strong>AGENDA PROGRAMME mode d&#8217;emploi avant de choisir une date&gt;<mark style=\"background-color:rgba(0, 0, 0, 0);color:#d73232\" class=\"has-inline-color\">CLIC<\/mark> <\/strong><\/a><\/p>\n\n\n\n<p class=\"has-text-align-center has-vivid-green-cyan-background-color has-background has-medium-font-size wp-block-paragraph\" id=\"MOIS\"><br><a href=\"https:\/\/ceylou.com\/wordpress\/agenda\/\"><strong>CHOISIR UNE DATE 2026<\/strong> &gt;<mark style=\"background-color:rgba(0, 0, 0, 0);color:#d32f2f\" class=\"has-inline-color\">CLIC<\/mark>&gt;<\/a><\/p>\n\n\n\n<p class=\"has-text-align-center has-luminous-vivid-amber-background-color has-background has-medium-font-size wp-block-paragraph\" id=\"MOIS\"><br><a href=\"https:\/\/ceylou.com\/wordpress\/stages-voile-en-mediterranee\/\"><strong>ACCES Stage ETE &amp; PRINTEMPS 2026&gt;<\/strong><\/a><\/p>\n\n\n\n<hr class=\"wp-block-separator has-css-opacity\"\/>\n\n\n\n<p class=\"has-text-align-center has-luminous-vivid-amber-background-color has-background wp-block-paragraph\"><a href=\"https:\/\/ceylou.com\/wordpress\/stages-voile-en-mediterranee\/\"><strong>STAGE  PRINTEMPS ETE 202<\/strong>6 &gt;&gt;ici<\/a><a href=\"#juillet\"><br><\/a><\/p>\n\n\n\n<hr class=\"wp-block-separator has-alpha-channel-opacity\"\/>\n\n\n\n<h3 class=\"wp-block-heading has-text-align-center\"><mark style=\"background-color:rgba(0, 0, 0, 0)\" class=\"has-inline-color has-vivid-red-color\"><strong>LES ANNONCES<\/strong><\/mark><\/h3>\n\n\n\n<h3 id=\"janvier\" class=\"wp-block-heading has-light-green-cyan-background-color has-background\">JANVIER <mark style=\"background-color:rgba(0, 0, 0, 0)\" class=\"has-inline-color has-vivid-red-color\"><strong>2026<\/strong><\/mark> MOIS 01<\/h3>\n\n\n\n<h4 class=\"wp-block-heading has-text-align-center has-white-color has-vivid-red-background-color has-text-color has-background\"><strong>AFIN DE BIEN DEBUTER CETTE ANNEE <\/strong><\/h4>\n\n\n\n<p class=\"has-text-align-center has-medium-font-size wp-block-paragraph\">L&#8217;entretien des bateaux:<br> Comment entretenir, r\u00e9parer un bateaux?<br> merci de vous inscrire<br>(voir ci-dessous pour s&#8217;inscrire)<\/p>\n\n\n\n<p class=\"has-text-align-center has-white-background-color has-background wp-block-paragraph\"><mark style=\"background-color:rgba(0, 0, 0, 0);color:#45846d\" class=\"has-inline-color\">10 JANVIER<\/mark><mark><mark style=\"font-weight: bold; background-color: rgba(0, 0, 0, 0);\" class=\"has-inline-color has-vivid-red-color\">POT D&#8217;OUVERTURE <\/mark><\/mark>galettes des rois <br>PORTES OUVERTES: <a href=\"https:\/\/ceylou.com\/wordpress\/event\/brigantine-pot-douverture-galette-des-rois-samedi-11-janvier-2025-et-adhesion-licence\/\">ACCES RESA<\/a>.<\/p>\n\n\n\n<hr class=\"wp-block-separator has-alpha-channel-opacity\"\/>\n\n\n\n<p class=\"has-text-align-center has-medium-font-size wp-block-paragraph\"><mark style=\"background-color:rgba(0, 0, 0, 0)\" class=\"has-inline-color has-ast-global-color-1-color\">Cours voile n1n2 jANVIER<\/mark>: <a href=\"https:\/\/ceylou.com\/wordpress\/cours-voile-lyon-apprendre-bases-croisiere-pour-les-nuls-sinscrire-decines\/\">ACCES resa<\/a><\/p>\n\n\n\n<p class=\"has-text-align-center has-medium-font-size wp-block-paragraph\">Permanence:<a href=\"https:\/\/ceylou.com\/wordpress\/event-categories\/permanence-brigantine\/\"> Acc\u00e8s resa<\/a><\/p>\n\n\n\n<p class=\"has-text-align-center has-medium-font-size wp-block-paragraph\"><a href=\"https:\/\/ceylou.com\/wordpress\/stage-voile-croisiere-week-end-semaine-mer-voiliers-mediterranee\/#printemps\"><strong>Stage Mer<\/strong>: Acces Resa avril &amp; mai<\/a><\/p>\n\n\n\n<p class=\"has-text-align-center has-medium-font-size wp-block-paragraph\"><a href=\"https:\/\/ceylou.com\/wordpress\/stage-voile-croisiere-week-end-semaine-mer-voiliers-mediterranee\/\"><strong>Stage mer \u00e9t\u00e9 2025<\/strong>&gt;<\/a><\/p>\n\n\n\n<p class=\"has-text-align-center has-medium-font-size wp-block-paragraph\">Entretien bateaux &amp; club:<a href=\"https:\/\/ceylou.com\/wordpress\/event-categories\/entretiens-brigantine\/\"> Acces Resa<\/a><\/p>\n\n\n\n<p class=\"has-text-align-center has-medium-font-size wp-block-paragraph\">Entrainement Regates: Acces resa<\/p>\n\n\n\n<h3 class=\"wp-block-heading has-text-align-center has-light-green-cyan-background-color has-background\" id=\"fevrier\">FEVRIER 2026 MOIS 02 <br><a href=\"#MOIS\"><mark style=\"background-color:rgba(0, 0, 0, 0)\" class=\"has-inline-color has-vivid-red-color\">SELECTIONNER ICI UN AUTRE MOIS&gt;<\/mark><\/a><\/h3>\n\n\n\n<p class=\"has-text-align-center wp-block-paragraph\">PENSEZ AUX STAGES, LES DATES DE COURS SONT JUSTE DESSOUS<\/p>\n\n\n\n<p class=\"has-text-align-center has-cyan-bluish-gray-background-color has-background has-medium-font-size wp-block-paragraph\">R\u00e9servez votre permanence 1 TICKET OFFERT (voir ci-dessous)<\/p>\n\n\n\n<p class=\"has-text-align-center has-cyan-bluish-gray-background-color has-background has-medium-font-size wp-block-paragraph\"><a href=\"https:\/\/ceylou.com\/wordpress\/cours-theoriques-voile-tutos\/\">Consulter nos tutos et cours th\u00e9oriques <\/a><br><a href=\"https:\/\/ceylou.com\/wordpress\/cours-theoriques-voile-tutos\/\">(demander le mot de passe)<\/a><\/p>\n\n\n\n<p class=\"has-text-align-center has-medium-font-size wp-block-paragraph\"><strong>DATES FEVRIER: NOUBLIEZ D&#8217;ASSURER <\/strong><br><strong>VOTRE TOUR DE PERMANENCE OBLIGATOIRE Fevr.<\/strong><br><\/p>\n\n\n\n<p class=\"has-text-align-center has-medium-font-size wp-block-paragraph\"><strong><mark style=\"background-color:rgba(0, 0, 0, 0)\" class=\"has-inline-color has-ast-global-color-1-color\">Cours voile n1n2 <\/mark>:<\/strong>DISPO&gt;<a href=\"https:\/\/ceylou.com\/wordpress\/cours-voile-lyon-apprendre-bases-croisiere-pour-les-nuls-sinscrire-decines\/\">ACCES RESA<\/a><\/p>\n\n\n\n<p class=\"has-text-align-center has-medium-font-size wp-block-paragraph\"><strong>Permanence: <\/strong><a href=\"https:\/\/ceylou.com\/wordpress\/event-categories\/permanence-brigantine\/\">Acc\u00e8s resa<\/a><\/p>\n\n\n\n<p class=\"has-text-align-center has-medium-font-size wp-block-paragraph\">Stages \u00e9valuations validations de votre niveau voile: Acc\u00e8s resa<\/p>\n\n\n\n<p class=\"has-text-align-center has-medium-font-size wp-block-paragraph\"><a href=\"https:\/\/ceylou.com\/wordpress\/stage-voile-croisiere-week-end-semaine-mer-voiliers-mediterranee\/#printemps\"><strong>Stage Mer:<\/strong> Acces Resa avril &amp; mai<\/a><\/p>\n\n\n\n<p class=\"has-text-align-center has-medium-font-size wp-block-paragraph\"><a href=\"https:\/\/ceylou.com\/wordpress\/stage-voile-croisiere-week-end-semaine-mer-voiliers-mediterranee\/#stage-\u00e9t\u00e9\"><strong>Stage mer \u00e9t\u00e9 2026&gt;<\/strong><\/a><\/p>\n\n\n\n<p class=\"has-text-align-center has-medium-font-size wp-block-paragraph\"><strong>Entretien bateaux &amp; club:<\/strong> <a href=\"https:\/\/ceylou.com\/wordpress\/event-categories\/entretiens-brigantine\/\">Acces Resa<\/a><\/p>\n\n\n\n<p class=\"has-text-align-center has-medium-font-size wp-block-paragraph\"><strong>Entrainement Regates<\/strong>: Acces resa<\/p>\n\n\n\n<p class=\"wp-block-paragraph\"><\/p>\n\n\n\n<p class=\"wp-block-paragraph\"><\/p>\n\n\n\n<h3 id=\"mars\" class=\"wp-block-heading has-vivid-green-cyan-background-color has-background\">MARS 2026 MOIS 03 <a href=\"#MOIS\"><mark>SELECTIONNER ICI UN AUTRE MOIS<\/mark><\/a><\/h3>\n\n\n\n<p class=\"has-text-align-center wp-block-paragraph\"><mark style=\"background-color:rgba(0, 0, 0, 0)\" class=\"has-inline-color has-vivid-red-color\">VOIR LES DATES COURS SOUS LES ANNONCES<\/mark><\/p>\n\n\n\n<h4 class=\"wp-block-heading has-text-align-center\"><strong>ANNONCES<\/strong><\/h4>\n\n\n\n<p class=\"has-text-align-center has-cyan-bluish-gray-background-color has-background has-medium-font-size wp-block-paragraph\"> Les week-ends de PERMANENCES sont obligatoires<br>1 TICKET OFFERT inscrivez vous plus bas<\/p>\n\n\n\n<p class=\"has-text-align-center has-cyan-bluish-gray-background-color has-background has-medium-font-size wp-block-paragraph\"><a href=\"https:\/\/ceylou.com\/wordpress\/cours-theoriques-voile-tutos\/\">Consulter nos tutos et cours th\u00e9oriques <\/a><br><a href=\"https:\/\/ceylou.com\/wordpress\/cours-theoriques-voile-tutos\/\">(demander le mot de passe)<\/a><\/p>\n\n\n\n<p class=\"has-text-align-center has-luminous-vivid-amber-background-color has-background has-medium-font-size wp-block-paragraph\">Relisez les fiches th\u00e9oriques<\/p>\n\n\n\n<p class=\"has-text-align-center has-medium-font-size wp-block-paragraph\">DATES EVENEMENTS MARS:<br><strong>MERCI DE PRENDRE POSITION POUR<\/strong><br> <mark style=\"background-color:rgba(0, 0, 0, 0);color:#be2525\" class=\"has-inline-color\">ASSURER LES PERMANENCES<\/mark><\/p>\n\n\n\n<p class=\"has-text-align-center has-text-color has-medium-font-size wp-block-paragraph\" style=\"color:#089964\"><mark style=\"background-color:rgba(0, 0, 0, 0)\" class=\"has-inline-color has-black-color\"><\/mark><mark style=\"background-color:rgba(0, 0, 0, 0)\" class=\"has-inline-color has-ast-global-color-1-color\"><strong>Cours voile n1n2<\/strong> <\/mark><a href=\"https:\/\/ceylou.com\/wordpress\/cours-voile-lyon-apprendre-bases-croisiere-pour-les-nuls-sinscrire-decines\/\">: ACCES resa<\/a><\/p>\n\n\n\n<p class=\"has-text-align-center has-medium-font-size wp-block-paragraph\"><mark style=\"background-color:rgba(0, 0, 0, 0);color:#cf2929\" class=\"has-inline-color\"><strong>Permanence<\/strong>:<\/mark> <a href=\"https:\/\/ceylou.com\/wordpress\/event-categories\/permanence-brigantine\/\">Acc\u00e8s resa<\/a><\/p>\n\n\n\n<p class=\"has-text-align-center has-medium-font-size wp-block-paragraph\"><strong>STAGE EVALUATION VALIDATION N1,N2,N3<\/strong>: <a href=\"https:\/\/ceylou.com\/wordpress\/event-categories\/evenement-voile-brigantine\/\">Acc\u00e9s resa<\/a><\/p>\n\n\n\n<p class=\"has-text-align-center has-medium-font-size wp-block-paragraph\"><a href=\"https:\/\/ceylou.com\/wordpress\/stage-voile-croisiere-week-end-semaine-mer-voiliers-mediterranee\/#printemps\">Stage Mer: Acces Resa avril &amp; mai<\/a><\/p>\n\n\n\n<p class=\"has-text-align-center has-medium-font-size wp-block-paragraph\"><a href=\"https:\/\/ceylou.com\/wordpress\/stage-voile-croisiere-week-end-semaine-mer-voiliers-mediterranee\/#stage-\u00e9t\u00e9\">Stage mer \u00e9t\u00e9 2026&gt;<\/a><\/p>\n\n\n\n<p class=\"has-text-align-center has-medium-font-size wp-block-paragraph\"><strong>Entretien bateaux &amp; club:<a href=\"https:\/\/ceylou.com\/wordpress\/event-categories\/entretiens-brigantine\/\">Acces Resa<\/a><\/strong><\/p>\n\n\n\n<p class=\"has-text-align-center has-text-color has-medium-font-size wp-block-paragraph\" style=\"color:#089964\"><strong>Entrainement Regates<\/strong>: Acces resa<\/p>\n\n\n\n<p class=\"wp-block-paragraph\"><\/p>\n\n\n\n<h3 id=\"avril\" class=\"wp-block-heading has-vivid-green-cyan-background-color has-background\"><strong>AVRIL 2026 MOIS 04<\/strong> <a href=\"#MOIS\"><mark>S\u00e9lectionnez UN AUTRE MOIS<\/mark><\/a><\/h3>\n\n\n\n<p class=\"has-text-align-center has-medium-font-size wp-block-paragraph\"><strong>LES PERMANENCES sont importantes<\/strong><\/p>\n\n\n\n<p class=\"has-text-align-center has-medium-font-size wp-block-paragraph\"><mark style=\"background-color:rgba(0, 0, 0, 0)\" class=\"has-inline-color has-vivid-red-color\">VOIR LES DATES DE COURS PLUS BAS<\/mark><\/p>\n\n\n\n<p class=\"has-text-align-center has-cyan-bluish-gray-background-color has-background has-medium-font-size wp-block-paragraph\"><strong><a href=\"https:\/\/ceylou.com\/wordpress\/cours-theoriques-voile-tutos\/\">Consulter nos tutos et cours th\u00e9oriques <\/a><br><a href=\"https:\/\/ceylou.com\/wordpress\/cours-theoriques-voile-tutos\/\">(demander le mot de passe)<\/a><\/strong><br><\/p>\n\n\n\n<p class=\"has-text-align-center has-medium-font-size wp-block-paragraph\"><br><strong>DATES AVRIL<\/strong><br><mark style=\"background-color:rgba(0, 0, 0, 0)\" class=\"has-inline-color has-ast-global-color-1-color\"><strong>Cours voile n1n2 <\/strong><\/mark>: <a href=\"https:\/\/ceylou.com\/wordpress\/cours-voile-lyon-apprendre-bases-croisiere-pour-les-nuls-sinscrire-decines\/\">ACCES resa<\/a>.<br>Ouvertes jusqu&#8217;au mercredi Soir 23H45<\/p>\n\n\n\n<hr class=\"wp-block-separator has-alpha-channel-opacity\"\/>\n\n\n\n<p class=\"has-text-align-center has-medium-font-size wp-block-paragraph\"><strong>Permanence:<\/strong><a href=\"https:\/\/ceylou.com\/wordpress\/event-categories\/permanence-brigantine\/\">Acc\u00e8s resa<\/a><\/p>\n\n\n\n<p class=\"has-text-align-center has-medium-font-size wp-block-paragraph\"><strong>STAGE EVALUATION VALIDATION<\/strong> N1,N2,N3: <a href=\"https:\/\/ceylou.com\/wordpress\/event-categories\/evenement-voile-brigantine\/\">Acc\u00e9s resa<\/a><\/p>\n\n\n\n<p class=\"has-text-align-center has-medium-font-size wp-block-paragraph\"><a href=\"https:\/\/ceylou.com\/wordpress\/stage-voile-croisiere-week-end-semaine-mer-voiliers-mediterranee\/#printemps\"><strong>Stages Mer<\/strong>: Acces Resa avril &amp; mai<\/a><\/p>\n\n\n\n<p class=\"has-text-align-center has-medium-font-size wp-block-paragraph\"><a href=\"https:\/\/ceylou.com\/wordpress\/stage-voile-croisiere-week-end-semaine-mer-voiliers-mediterranee\/#stage-\u00e9t\u00e9\"><strong>Stages mer \u00e9t\u00e9 2026&gt;<\/strong><\/a><\/p>\n\n\n\n<p class=\"has-text-align-center has-medium-font-size wp-block-paragraph\"><strong>Entretien bateaux&amp;club:<\/strong><a href=\"https:\/\/ceylou.com\/wordpress\/event-categories\/entretiens-brigantine\/\">Acces Resa<\/a><\/p>\n\n\n\n<p class=\"has-text-align-center has-medium-font-size wp-block-paragraph\"><strong>Entrainement Regates<\/strong>: Acces resa<\/p>\n\n\n\n<p class=\"wp-block-paragraph\"><br><\/p>\n\n\n\n<hr class=\"wp-block-separator has-alpha-channel-opacity\"\/>\n\n\n\n<p class=\"wp-block-paragraph\"><br><mark style=\"background-color:rgba(0, 0, 0, 0)\" class=\"has-inline-color has-vivid-cyan-blue-color\"> <\/mark><\/p>\n\n\n\n<h3 class=\"wp-block-heading has-text-align-center has-white-color has-vivid-cyan-blue-background-color has-text-color has-background\">STAGE MER SEMAINE du 04 avril au 02 mai Zone B<\/h3>\n\n\n\n<p class=\"has-text-align-center has-cyan-bluish-gray-background-color has-background wp-block-paragraph\">STAGE MER SEMAINE DU 22 avril au 09 Mai Zone  C<\/p>\n\n\n\n<p class=\"has-text-align-center has-luminous-vivid-amber-background-color has-background has-medium-font-size wp-block-paragraph\"><strong><a href=\"https:\/\/ceylou.com\/wordpress\/cours-theoriques-voile-tutos\/\">Consulter nos tutos et cours th\u00e9oriques <\/a><br><a href=\"https:\/\/ceylou.com\/wordpress\/cours-theoriques-voile-tutos\/\">(demander le mot de passe)<\/a><\/strong><\/p>\n\n\n\n<p class=\"wp-block-paragraph\"><\/p>\n\n\n\n<h3 id=\"MAI\" class=\"wp-block-heading has-vivid-green-cyan-background-color has-background\">MAI 2026. MOIS 05 <a href=\"#MOIS\"><mark>SELECTIONNER ICI UN AUTRE MOIS<\/mark><\/a><\/h3>\n\n\n\n<p class=\"has-text-align-center wp-block-paragraph\"><\/p>\n\n\n\n<p class=\"has-text-align-center has-cyan-bluish-gray-background-color has-background has-medium-font-size wp-block-paragraph\"><strong><a href=\"https:\/\/ceylou.com\/wordpress\/cours-theoriques-voile-tutos\/\">Consulter nos tutos et cours th\u00e9oriques <\/a><br><a href=\"https:\/\/ceylou.com\/wordpress\/cours-theoriques-voile-tutos\/\">(demander le mot de passe)<\/a><\/strong><\/p>\n\n\n\n<p class=\"has-text-align-center has-ast-global-color-6-color has-vivid-cyan-blue-background-color has-text-color has-background has-link-color has-medium-font-size wp-elements-6de042e6c88a358d3677cc3ef2fd73a0 wp-block-paragraph\"><strong>LE 17 ET 18 C&#8217;EST LE WEEK END POUR FAIRE<br> EVALUER ET CERTIFIER VOTRE NIVEAU VOILE<\/strong><\/p>\n\n\n\n<p class=\"has-text-align-center has-medium-font-size wp-block-paragraph\"><strong><mark style=\"background-color:rgba(0, 0, 0, 0);color:#cd3131\" class=\"has-inline-color\">STAGE EVALUATION VALIDATION<\/mark> de votre niveau voile N1,N2,N3<\/strong><br>17 &amp; 18 MAI N1,N2,N3:<mark style=\"background-color:rgba(0, 0, 0, 0)\" class=\"has-inline-color has-ast-global-color-1-color\"><a href=\"https:\/\/ceylou.com\/wordpress\/event-categories\/evenement-voile-brigantine\/\">Acc\u00e9s res<\/a><\/mark><a href=\"https:\/\/ceylou.com\/wordpress\/event-categories\/evenement-voile-brigantine\/\">a<\/a><\/p>\n\n\n\n<p class=\"has-text-align-center has-medium-font-size wp-block-paragraph\"><mark style=\"background-color:rgba(0, 0, 0, 0)\" class=\"has-inline-color has-ast-global-color-1-color\">Cours voile n1n2 <\/mark>: <a href=\"https:\/\/ceylou.com\/wordpress\/cours-voile-lyon-apprendre-bases-croisiere-pour-les-nuls-sinscrire-decines\/\">ACCES resa<\/a><\/p>\n\n\n\n<p class=\"has-text-align-center has-medium-font-size wp-block-paragraph\">-Permanence:<a href=\"https:\/\/ceylou.com\/wordpress\/event-categories\/permanence-brigantine\/\"> Acc\u00e8s resa<\/a> DISPO<\/p>\n\n\n\n<p class=\"has-text-align-center wp-block-paragraph\">-Stage Mer: Acces Resa avril &amp; mai<\/p>\n\n\n\n<p class=\"has-text-align-center wp-block-paragraph\">&#8211;<a href=\"https:\/\/ceylou.com\/wordpress\/stage-voile-croisiere-week-end-semaine-mer-voiliers-mediterranee\/#stage-\u00e9t\u00e9\">Stage mer \u00e9t\u00e9 2025&gt;<\/a><\/p>\n\n\n\n<p class=\"has-text-align-center wp-block-paragraph\">-Entretien bateaux&amp;club: <a href=\"https:\/\/ceylou.com\/wordpress\/event-categories\/entretiens-brigantine\/\">Acces Resa<\/a><\/p>\n\n\n\n<p class=\"has-text-align-center wp-block-paragraph\">-Entrainement Regates: Acces resa<\/p>\n\n\n\n<p class=\"wp-block-paragraph\"><mark style=\"background-color:rgba(0, 0, 0, 0)\" class=\"has-inline-color has-vivid-purple-color\"><br><\/mark><\/p>\n\n\n\n<h3 id=\"JUIN\" class=\"wp-block-heading has-vivid-green-cyan-background-color has-background\">JUIN 2026 MOIS 06 <a href=\"#MOIS\"><mark>SELECTIONNER ICI UN AUTRE MOIS<\/mark><\/a> <br><a href=\"#JUIN\"><br><\/a><\/h3>\n\n\n\n<p class=\"has-text-align-center has-cyan-bluish-gray-background-color has-background wp-block-paragraph\"><a href=\"https:\/\/ceylou.com\/wordpress\/cours-theoriques-voile-tutos\/\">Consulter nos tutos et cours th\u00e9oriques <\/a><br><a href=\"https:\/\/ceylou.com\/wordpress\/cours-theoriques-voile-tutos\/\">(demander le mot de passe)<\/a><\/p>\n\n\n\n<p class=\"has-text-align-center wp-block-paragraph\"><mark style=\"background-color:rgba(0, 0, 0, 0)\" class=\"has-inline-color has-ast-global-color-1-color\">Cours voile n1n2 &amp;Bapt\u00e9mes<\/mark>:<a href=\"https:\/\/ceylou.com\/wordpress\/cours-voile-lyon-apprendre-bases-croisiere-pour-les-nuls-sinscrire-decines\/\">ACCES resa<\/a><\/p>\n\n\n\n<p class=\"has-text-align-center wp-block-paragraph\"><a href=\"https:\/\/ceylou.com\/wordpress\/event\/forum-association-mois-09-le-06-septembre-25\/\"><mark style=\"background-color:rgba(0, 0, 0, 0);color:#d33030\" class=\"has-inline-color\">FORUM ASSOCIATION 06 SEPTEMBRE RESA ICI<\/mark><\/a><\/p>\n\n\n\n<p class=\"has-text-align-center wp-block-paragraph\"><mark style=\"background-color:rgba(0, 0, 0, 0);color:#d33636\" class=\"has-inline-color\">JOURNEES PORTES OUVERTES BRIGANTINE SAMEDI 13 SEPTEMBRE:<\/mark> RESA<\/p>\n\n\n\n<p class=\"has-text-align-center wp-block-paragraph\"><mark style=\"background-color:rgba(0, 0, 0, 0);color:#cc3333\" class=\"has-inline-color\">DIMANCHE 14 SEPTEMBRE CAPTAIN TWENTY<\/mark>: Acc\u00e9s resa<\/p>\n\n\n\n<p class=\"has-text-align-center wp-block-paragraph\">Permanence:<a href=\"https:\/\/ceylou.com\/wordpress\/event-categories\/permanence-brigantine\/\"> Acc\u00e8s resa<\/a><\/p>\n\n\n\n<p class=\"has-text-align-center wp-block-paragraph\">Stage Mer: Acces Resa avril &amp; mai<\/p>\n\n\n\n<p class=\"has-text-align-center wp-block-paragraph\"><a href=\"https:\/\/ceylou.com\/wordpress\/stage-voile-croisiere-week-end-semaine-mer-voiliers-mediterranee\/#stage-\u00e9t\u00e9\">Stage mer \u00e9t\u00e9 2025&gt;<\/a><\/p>\n\n\n\n<p class=\"has-text-align-center wp-block-paragraph\">Entretien bateaux&amp;club: <a href=\"https:\/\/ceylou.com\/wordpress\/event-categories\/entretiens-brigantine\/\">Acces Resa<\/a><\/p>\n\n\n\n<p class=\"has-text-align-center wp-block-paragraph\">Entrainement Regates: Acces resa<\/p>\n\n\n\n<hr class=\"wp-block-separator has-alpha-channel-opacity\"\/>\n\n\n\n<p class=\"wp-block-paragraph\"><\/p>\n\n\n\n<p class=\"wp-block-paragraph\"><\/p>\n\n\n\n<p class=\"wp-block-paragraph\" id=\"TWEENTY\"><\/p>\n\n\n\n<h3 class=\"wp-block-heading has-text-align-center has-vivid-green-cyan-background-color has-background\" id=\"juill.\">JUILLET 2025 MOIS 07 <a href=\"#MOIS\"><mark>SELECTIONNER ICI UN AUTRE MOIS<\/mark><\/a><\/h3>\n\n\n\n<p class=\"has-text-align-center wp-block-paragraph\"><mark style=\"background-color:rgba(0, 0, 0, 0)\" class=\"has-inline-color has-ast-global-color-1-color\">Cours voile n1n2<\/mark> N3,<mark style=\"background-color:rgba(0, 0, 0, 0)\" class=\"has-inline-color has-ast-global-color-1-color\">&amp; B\u00e2pt\u00e8mes <\/mark>: REPRISE DES COURS EN SEPTEMBRE 2025<\/p>\n\n\n\n<p class=\"has-text-align-center wp-block-paragraph\">Permanence: Acc\u00e8s resa<\/p>\n\n\n\n<p class=\"has-text-align-center wp-block-paragraph\">Stage Mer: Acces Resa avril &amp; mai 2026<\/p>\n\n\n\n<p class=\"has-text-align-center wp-block-paragraph\">Entretien bateaux&amp;club:<a href=\"https:\/\/ceylou.com\/wordpress\/event-categories\/entretiens-brigantine\/\"> Acces Resa<\/a><\/p>\n\n\n\n<p class=\"has-text-align-center wp-block-paragraph\">Entrainement Regates: Acces resa<\/p>\n\n\n\n<p class=\"has-text-align-center has-white-color has-vivid-cyan-blue-background-color has-text-color has-background wp-block-paragraph\"><mark style=\"background-color:rgba(0, 0, 0, 0)\" class=\"has-inline-color has-white-color\"><a href=\"https:\/\/ceylou.com\/wordpress\/stages-voile-en-mediterranee\/\">STAGE EN MER UNE SEMAINE PRINTEMPS ETE 2026<\/a><br><br><\/mark><\/p>\n\n\n\n<p class=\"wp-block-paragraph\"><\/p>\n\n\n\n<p class=\"has-text-align-center has-luminous-vivid-amber-color has-vivid-cyan-blue-background-color has-text-color has-background wp-block-paragraph\"><\/p>\n\n\n\n<hr class=\"wp-block-separator has-alpha-channel-opacity\"\/>\n\n\n\n<p class=\"has-text-align-center has-white-color has-vivid-cyan-blue-background-color has-text-color has-background wp-block-paragraph\"><\/p>\n\n\n\n<p class=\"has-text-align-center has-vivid-red-color has-vivid-cyan-blue-background-color has-text-color has-background wp-block-paragraph\"><a href=\"https:\/\/ceylou.com\/wordpress\/stage-voile-croisiere-week-end-semaine-mer-voiliers-mediterranee\/\"><mark style=\"background-color:rgba(0, 0, 0, 0)\" class=\"has-inline-color has-white-color\">ACCES TOUS LES STAGES EN MER ETE 2024<\/mark><\/a><\/p>\n\n\n\n<h3 id=\"aout\" class=\"wp-block-heading has-light-green-cyan-background-color has-background\">AOUT 2025 MOIS 08 <a href=\"#MOIS\"><mark>SELECTIONNER ICI UN AUTRE MOIS<\/mark><\/a><\/h3>\n\n\n\n<div class=\"wp-block-buttons is-content-justification-center is-layout-flex wp-container-core-buttons-is-layout-08d1de8c wp-block-buttons-is-layout-flex\">\n<div style=\"--wp--block-button--width: 75;\" class=\"wp-block-button is-style-outline has-custom-width wp-block-button__width wp-block-button__width-75 is-style-outline--1\"><a class=\"wp-block-button__link has-light-green-cyan-background-color has-text-color has-background has-link-color has-border-color wp-element-button\" href=\"https:\/\/ceylou.com\/wordpress\/event-categories\/cours-voile-lyon-decines\/\" style=\"border-color:#ff6900;border-radius:30px;color:#7b4444\"><mark style=\"background-color:rgba(0, 0, 0, 0)\" class=\"has-inline-color has-ast-global-color-2-color\">AOUT <\/mark>REPRISE DES COURS SEPTEMBRE 2025<\/a><\/div>\n<\/div>\n\n\n\n<p class=\"wp-block-paragraph\"><\/p>\n\n\n\n<p class=\"has-text-align-center has-white-color has-vivid-cyan-blue-background-color has-text-color has-background wp-block-paragraph\"><mark style=\"background-color:rgba(0, 0, 0, 0)\" class=\"has-inline-color has-white-color\">STAGE EN MER UNE SEMAINE  ETE <\/mark><br><\/p>\n\n\n\n<p class=\"has-text-align-center has-white-color has-vivid-cyan-blue-background-color has-text-color has-background has-link-color wp-elements-931889f290fb8110bd1c83f929da0441 wp-block-paragraph\"><mark style=\"background-color:rgba(0, 0, 0, 0)\" class=\"has-inline-color has-white-color\">STAGE EN EN MER UNE SEMAINE  ETE <br><\/mark><br><\/p>\n\n\n\n<p class=\"wp-block-paragraph\"><br><br><br><br><\/p>\n\n\n\n<p class=\"has-text-align-center wp-block-paragraph\"><strong>CALENDRIER SEPT A DEC EN COURS D&#8217;ELABORATION<\/strong> NE SERA DISPO Qu&#8217;en sept<\/p>\n\n\n\n<p class=\"wp-block-paragraph\"><\/p>\n\n\n\n<hr class=\"wp-block-separator has-alpha-channel-opacity\" id=\"sept\"\/>\n\n\n\n<h3 class=\"wp-block-heading has-text-align-center has-vivid-green-cyan-background-color has-background\" id=\"sept\" style=\"font-size:27px\"><strong>SEPTEMBRE<\/strong> 2025 MOIS 09 <br><a href=\"#MOIS\"><mark>SELECTIONNER ICI UN AUTRE MOIS<\/mark><\/a><\/h3>\n\n\n\n<h3 class=\"wp-block-heading has-text-align-center\"><mark style=\"background-color:rgba(0, 0, 0, 0);color:#cf5151\" class=\"has-inline-color\">Annonces<\/mark><\/h3>\n\n\n\n<hr class=\"wp-block-separator has-alpha-channel-opacity\"\/>\n\n\n\n<p class=\"has-text-align-center wp-block-paragraph\"><mark style=\"background-color:rgba(0, 0, 0, 0);color:#d53737\" class=\"has-inline-color\"><strong>Forum association  06 SEPtembre s&#8217;inscrire<\/strong>: <a href=\"https:\/\/ceylou.com\/wordpress\/event\/forum-association-mois-09-le-06-septembre-25\/\">resa ici<\/a><\/mark><\/p>\n\n\n\n<p class=\"has-text-align-center wp-block-paragraph\"><mark style=\"background-color:rgba(0, 0, 0, 0);color:#3a963a\" class=\"has-inline-color\">\u00c9v\u00e9nements Brigantine<\/mark> journ\u00e9es portes ouvertes: <a href=\"https:\/\/ceylou.com\/wordpress\/event-categories\/evenements-brigantine\/\">acc\u00e8s RESA<\/a><\/p>\n\n\n\n<p class=\"has-text-align-center wp-block-paragraph\"><mark style=\"background-color:rgba(0, 0, 0, 0)\" class=\"has-inline-color has-ast-global-color-1-color\">Cours voile n1n2 &amp; B\u00e2ptemes <\/mark>: <a href=\"https:\/\/ceylou.com\/wordpress\/event-categories\/cours-voile-lyon-decines\/\"><mark style=\"background-color:rgba(0, 0, 0, 0);color:#317a31\" class=\"has-inline-color\">ACCES resa<\/mark><\/a><\/p>\n\n\n\n<p class=\"has-text-align-center wp-block-paragraph\">Permanence:<a href=\"https:\/\/ceylou.com\/wordpress\/event-categories\/permanence-brigantine\/\"> Acc\u00e8s resa<\/a><\/p>\n\n\n\n<p class=\"has-text-align-center wp-block-paragraph\"><strong>Stage Mer: Acces Resa avril, mai  \u00e9t\u00e9 2026<\/strong> : <a href=\"https:\/\/ceylou.com\/wordpress\/category\/tous-stages-med\/\"><mark style=\"background-color:rgba(0, 0, 0, 0);color:#399039\" class=\"has-inline-color\">ACCES RESA<\/mark><\/a><\/p>\n\n\n\n<p class=\"has-text-align-center wp-block-paragraph\"><mark style=\"background-color:rgba(0, 0, 0, 0);color:#3b963b\" class=\"has-inline-color\">Entretien bateaux&amp;club<\/mark>: <mark style=\"background-color:rgba(0, 0, 0, 0);color:#3a943a\" class=\"has-inline-color\"><a href=\"https:\/\/ceylou.com\/wordpress\/event-categories\/entretiens-brigantine\/\">Acces Resa<\/a><\/mark><\/p>\n\n\n\n<p class=\"has-text-align-center wp-block-paragraph\">Entrainement Regates: Acces resa (pas encore le programme)<\/p>\n\n\n\n<p class=\"has-text-align-center has-text-color has-link-color wp-elements-a39edf6dfca042fe809309d8fb443a0b wp-block-paragraph\" style=\"color:#d53b3b\"><br> <\/p>\n\n\n\n<hr class=\"wp-block-separator alignfull has-alpha-channel-opacity\"\/>\n\n\n\n<hr class=\"wp-block-separator has-alpha-channel-opacity\"\/>\n\n\n\n<p class=\"wp-block-paragraph\"><a href=\"https:\/\/ceylou.com\/wordpress\/event-categories\/cours-voile-lyon-decines\/\"> <\/a><\/p>\n\n\n\n<h3 class=\"wp-block-heading has-text-align-center has-vivid-green-cyan-background-color has-background\" id=\"oct\"><strong>OCTOBRE<\/strong> 2025 MOIS 10<br> <a href=\"#MOIS\"><mark>SELECTIONNER ICI UN AUTRE MOIS<\/mark><\/a><\/h3>\n\n\n\n<h4 class=\"wp-block-heading has-text-align-center has-black-color has-text-color has-link-color wp-elements-ba9fb22ffc7733cf8e11bf8258c6f987\">Les <mark style=\"background-color:rgba(0, 0, 0, 0)\" class=\"has-inline-color has-ast-global-color-2-color\">Annonces<\/mark>:<\/h4>\n\n\n\n<p class=\"has-text-align-center wp-block-paragraph\"><a href=\"https:\/\/ceylou.com\/wordpress\/meteo-marine-gratuite\/\">consulter la meteo&gt;<strong>CLIC<\/strong> c&#8217;est bien!&gt;<\/a> <strong>mais ce n&#8217;est pas la bible..<\/strong>. <br>\u00e7a change toutes les 6 heures eh eh eh! <br> la t\u00e9l\u00e9 c&#8217;est pire \u00c7a change \u00e0 20h00 puis \u00e0 08h00.<br><strong>Le plus efficace<\/strong> <br>c&#8217;est de venir vous rendre compte sur place <br><strong>vous constaterez que ce n&#8217;est pas toujours exact<\/strong><br>C&#8217;est b\u00eate de rater une bonne occasion !<\/p>\n\n\n\n<p class=\"has-text-align-center wp-block-paragraph\"><mark style=\"background-color:rgba(0, 0, 0, 0)\" class=\"has-inline-color has-ast-global-color-1-color\"><strong>Cours voile n1n2,N3, Bapt\u00eames &amp; B\u00e2ptemes<\/strong> <\/mark>: <a href=\"https:\/\/ceylou.com\/wordpress\/event-categories\/cours-voile-lyon-decines\/\"><mark style=\"background-color:rgba(0, 0, 0, 0);color:#317a31\" class=\"has-inline-color\">ACCES resa<\/mark><\/a><\/p>\n\n\n\n<p class=\"has-text-align-center wp-block-paragraph\"><mark style=\"background-color:rgba(0, 0, 0, 0);color:#cf3131\" class=\"has-inline-color\"><strong>Evaluation N3 &amp; N2 week end comple<\/strong><\/mark><strong><mark style=\"background-color:rgba(0, 0, 0, 0);color:#cf3131\" class=\"has-inline-color\">t<\/mark> 22&gt;23 NOV: <\/strong><a href=\"https:\/\/ceylou.com\/wordpress\/event-categories\/evaluation-n3\/\"><strong>Acc\u00e9s R\u00e9sa<\/strong><\/a><\/p>\n\n\n\n<p class=\"has-text-align-center wp-block-paragraph\"><strong>Permanence<\/strong>:<a href=\"https:\/\/ceylou.com\/wordpress\/event-categories\/permanence-brigantine\/\"> Acc\u00e8s resa<\/a><\/p>\n\n\n\n<p class=\"has-text-align-center wp-block-paragraph\"><strong>Stage Mer: Acces Resa avril, mai  \u00e9t\u00e9 2026<\/strong> : <mark style=\"background-color:rgba(0, 0, 0, 0);color:#399039\" class=\"has-inline-color\"><a href=\"https:\/\/ceylou.com\/wordpress\/stages-voile-en-mediterranee\/\">ACCES RESA<\/a><\/mark><\/p>\n\n\n\n<p class=\"has-text-align-center wp-block-paragraph\"><strong>Stage mer<\/strong>: Acc\u00e8s resa var printemps 2026 <strong>ANTILLES<\/strong>&gt;ACCES RESA (EN TRAVAUX)<\/p>\n\n\n\n<p class=\"wp-block-paragraph\"><\/p>\n\n\n\n<p class=\"has-text-align-center wp-block-paragraph\"><mark style=\"background-color:rgba(0, 0, 0, 0);color:#3b963b\" class=\"has-inline-color\"><strong>Entretien bateaux&amp;club<\/strong><\/mark>: <mark style=\"background-color:rgba(0, 0, 0, 0);color:#3a943a\" class=\"has-inline-color\"><a href=\"https:\/\/ceylou.com\/wordpress\/event-categories\/entretiens-brigantine\/\">Acces Resa<\/a><\/mark><\/p>\n\n\n\n<p class=\"has-text-align-center wp-block-paragraph\"><\/p>\n\n\n\n<p class=\"has-text-align-center wp-block-paragraph\"><strong>Entrainement Regates<\/strong> pour Brigantine Team: Acces resa <\/p>\n\n\n\n<hr class=\"wp-block-separator alignfull has-alpha-channel-opacity\"\/>\n\n\n\n<hr class=\"wp-block-separator alignfull has-alpha-channel-opacity\"\/>\n\n\n\n<hr class=\"wp-block-separator alignfull has-alpha-channel-opacity\"\/>\n\n\n\n<hr class=\"wp-block-separator alignfull has-alpha-channel-opacity\"\/>\n\n\n\n<h3 class=\"wp-block-heading has-text-align-center has-vivid-green-cyan-background-color has-background\" id=\"nov\"><strong>NOVEMBRE <\/strong>2024 MOIS 11<br> <a href=\"#MOIS\"><mark>SELECTIONNER ICI UN AUTRE MOIS<\/mark><\/a><\/h3>\n\n\n\n<h3 class=\"wp-block-heading has-text-align-center\">RESTEZ INFORMES DE TOUTES LES ACTIVITES BRIGANTINE NEWS<strong><mark style=\"background-color:rgba(0, 0, 0, 0);color:#cf2e2e\" class=\"has-inline-color\"><a href=\"https:\/\/ceylou.com\/wordpress\/les-news-brigantine\/\">&gt;<\/a><\/mark><a href=\"https:\/\/ceylou.com\/wordpress\/les-news-brigantine\/\"><mark style=\"background-color:rgba(0, 0, 0, 0);color:#922222\" class=\"has-inline-color\">CLIC<\/mark><\/a><\/strong><\/h3>\n\n\n\n<h3 class=\"wp-block-heading has-text-align-center\">annonces<\/h3>\n\n\n\n<p class=\"has-text-align-center wp-block-paragraph\"><a href=\"https:\/\/ceylou.com\/wordpress\/meteo-marine-gratuite\/\">consulter la meteo c&#8217;est bien<strong>&gt;clic<\/strong><\/a>! <strong>mais ce n&#8217;est pas la bible<\/strong>&#8230; <br>\u00e7a change toutes les 6 heures eh eh eh! <br> la t\u00e9l\u00e9 c&#8217;est pire \u00c7a change \u00e0 20h00 puis \u00e0 08h00.<br><strong>Le plus efficace<\/strong> c&#8217;est de venir pour constater que ce n&#8217;est pas toujours exact<\/p>\n\n\n\n<p class=\"has-text-align-center wp-block-paragraph\"><mark style=\"background-color:rgba(0, 0, 0, 0)\" class=\"has-inline-color has-ast-global-color-1-color\"><strong>Cours voile N1,N2,N3, Bapt\u00eames \u00e0 Lyon<\/strong><\/mark><strong> WEEK END<\/strong> ET <strong>MERCREDI<\/strong> &gt;<a href=\"https:\/\/ceylou.com\/wordpress\/event-categories\/cours-voile-lyon-decines\/\"> Acc\u00e9s resa<\/a><\/p>\n\n\n\n<p class=\"has-text-align-center wp-block-paragraph\"><mark style=\"background-color:rgba(0, 0, 0, 0);color:#cf3131\" class=\"has-inline-color\"><strong>Evaluation N3 &amp; N2 week end comple<\/strong><\/mark><strong><mark style=\"background-color:rgba(0, 0, 0, 0);color:#cf3131\" class=\"has-inline-color\">t<\/mark> 22&gt;23 NOV: <\/strong><a href=\"https:\/\/ceylou.com\/wordpress\/event-categories\/evaluation-n3\/\"><strong>Acc\u00e9s R\u00e9sa<\/strong><\/a><\/p>\n\n\n\n<p class=\"has-text-align-center wp-block-paragraph\"><strong><mark style=\"background-color:rgba(0, 0, 0, 0);color:#8b47ca\" class=\"has-inline-color\">PERMANENCE OBLIGATOIRE<\/mark><\/strong>:<a href=\"https:\/\/ceylou.com\/wordpress\/event-categories\/permanence-brigantine\/\"> Acc\u00e8s resa<\/a><\/p>\n\n\n\n<p class=\"has-text-align-center wp-block-paragraph\"><strong>STAGE VOILE MER: Acces Resa avril, mai  \u00e9t\u00e9 2026<\/strong> : <mark style=\"background-color:rgba(0, 0, 0, 0);color:#399039\" class=\"has-inline-color\"><a href=\"https:\/\/ceylou.com\/wordpress\/stages-voile-en-mediterranee\/\">ACCES RESA<\/a><\/mark><\/p>\n\n\n\n<p class=\"has-text-align-center wp-block-paragraph\"><strong>Stage Mer:<\/strong> Acc\u00e8s printemps 2026 <strong>ANTILLES<\/strong>: <a href=\"https:\/\/ceylou.com\/wordpress\/event\/stage-voile-catamaran-antilles-printempsmois04-du-27-au-07-mai-26clic\/\">ACCES RESA<\/a> <\/p>\n\n\n\n<p class=\"has-text-align-center wp-block-paragraph\"><mark style=\"background-color:rgba(0, 0, 0, 0);color:#3b963b\" class=\"has-inline-color\"><strong>Entretien bateaux&amp;club<\/strong><\/mark>: <mark style=\"background-color:rgba(0, 0, 0, 0);color:#3a943a\" class=\"has-inline-color\"><a href=\"https:\/\/ceylou.com\/wordpress\/event-categories\/entretiens-brigantine\/\">Acces Resa<\/a><\/mark><\/p>\n\n\n\n<p class=\"has-text-align-center wp-block-paragraph\"><mark style=\"background-color:rgba(0, 0, 0, 0);color:#3a963a\" class=\"has-inline-color\"><strong>\u00c9v\u00e9nements Brigantine<\/strong><\/mark> : <a href=\"https:\/\/ceylou.com\/wordpress\/event-categories\/evenements-brigantine\/\">acc\u00e8s RESA<\/a><\/p>\n\n\n\n<p class=\"has-text-align-center wp-block-paragraph\"><strong>Entrainement Regates<\/strong>: Acces resa  &gt; voir cap de flotille <\/p>\n\n\n\n<p class=\"has-text-align-center wp-block-paragraph\"><\/p>\n\n\n\n<p class=\"has-text-align-center wp-block-paragraph\"><\/p>\n\n\n\n<p class=\"has-text-align-center wp-block-paragraph\"><\/p>\n\n\n\n<p class=\"has-text-align-center wp-block-paragraph\"><\/p>\n\n\n\n<hr class=\"wp-block-separator has-alpha-channel-opacity\"\/>\n\n\n\n<hr class=\"wp-block-separator has-alpha-channel-opacity\"\/>\n\n\n\n<hr class=\"wp-block-separator has-alpha-channel-opacity\"\/>\n\n\n\n<hr class=\"wp-block-separator has-alpha-channel-opacity\"\/>\n\n\n\n<h3 class=\"wp-block-heading has-text-align-center has-vivid-green-cyan-background-color has-background\" id=\"dec\"><strong>DECEMBRE <\/strong>2025 MOIS 12<br> <strong><a href=\"#MOIS\"><mark>SELECTIONNER ICI UN AUTRE MOIS<\/mark><\/a><\/strong><\/h3>\n\n\n\n<h3 class=\"wp-block-heading has-text-align-center\"><mark style=\"background-color:rgba(0, 0, 0, 0);color:#cf2e2e\" class=\"has-inline-color\">Les annonces<\/mark>:<\/h3>\n\n\n\n<h3 class=\"wp-block-heading has-text-align-center\">RESTEZ INFORMES DE TOUTES LES ACTIVITES <strong>BRIGANTINE NEWS<mark style=\"background-color:rgba(0, 0, 0, 0);color:#cf2e2e\" class=\"has-inline-color\"><a href=\"https:\/\/ceylou.com\/wordpress\/les-news-brigantine\/\">&gt;<\/a><\/mark><a href=\"https:\/\/ceylou.com\/wordpress\/les-news-brigantine\/\"><mark style=\"background-color:rgba(0, 0, 0, 0);color:#9b1d1d\" class=\"has-inline-color\">CLIC<\/mark><\/a><\/strong><\/h3>\n\n\n\n<p class=\"has-text-align-center has-background has-medium-font-size wp-block-paragraph\" style=\"background-color:#abb7c24d\">R\u00e9servez votre stage printemps des maintenant<br> avant la hausse des prix<\/p>\n\n\n\n<h4 class=\"wp-block-heading has-text-align-center\"><strong>Les r\u00e9servations D\u00e9cembre:<\/strong><\/h4>\n\n\n\n<p class=\"has-text-align-center has-medium-font-size wp-block-paragraph\"><mark style=\"background-color:rgba(0, 0, 0, 0)\" class=\"has-inline-color has-ast-global-color-1-color\"><strong>Cours voile n1n2 &amp; B\u00e2ptemes<\/strong> <\/mark>: <a href=\"https:\/\/ceylou.com\/wordpress\/event-categories\/cours-voile-lyon-decines\/\"><mark style=\"background-color:rgba(0, 0, 0, 0);color:#317a31\" class=\"has-inline-color\">ACCES resa<\/mark><\/a><\/p>\n\n\n\n<p class=\"has-text-align-center has-medium-font-size wp-block-paragraph\"><strong>Permanence<\/strong>:<a href=\"https:\/\/ceylou.com\/wordpress\/event-categories\/permanence-brigantine\/\">Acc\u00e8s resa<\/a><\/p>\n\n\n\n<p class=\"has-text-align-center has-medium-font-size wp-block-paragraph\"><strong>Stage Mer: Acces Resa avril, mai  \u00e9t\u00e9 2026<\/strong> : <a href=\"https:\/\/ceylou.com\/wordpress\/category\/tous-stages-med\/\"><mark style=\"background-color:rgba(0, 0, 0, 0);color:#399039\" class=\"has-inline-color\">ACCES RESA<\/mark><\/a><\/p>\n\n\n\n<p class=\"has-text-align-center has-medium-font-size wp-block-paragraph\"><mark style=\"background-color:rgba(0, 0, 0, 0);color:#3b963b\" class=\"has-inline-color\"><strong>Entretien bateaux&amp;club<\/strong><\/mark>: <mark style=\"background-color:rgba(0, 0, 0, 0);color:#3a943a\" class=\"has-inline-color\"><a href=\"https:\/\/ceylou.com\/wordpress\/event-categories\/entretiens-brigantine\/\">Acces Resa<\/a><\/mark><\/p>\n\n\n\n<p class=\"has-text-align-center has-medium-font-size wp-block-paragraph\"><strong><mark style=\"background-color:rgba(0, 0, 0, 0);color:#3a963a\" class=\"has-inline-color\">\u00c9v\u00e9nements Brigantine<\/mark> <\/strong>: <a href=\"https:\/\/ceylou.com\/wordpress\/event-categories\/evenements-brigantine\/\">acc\u00e8s RESA<\/a><\/p>\n\n\n\n<p class=\"has-text-align-center has-medium-font-size wp-block-paragraph\"><strong>Entrainement R\u00e9gates: <\/strong>Acces resa JANVIER,FEVRIER,MARS2026<\/p>\n\n\n\n<p class=\"has-text-align-center wp-block-paragraph\"><\/p>\n\n\n\n<p class=\"has-text-align-center wp-block-paragraph\"><\/p>\n\n\n\n<p class=\"has-text-align-center wp-block-paragraph\"><\/p>\n\n\n\n<p class=\"has-text-align-center has-luminous-vivid-amber-background-color has-background wp-block-paragraph\"><a href=\"https:\/\/ceylou.com\/wordpress\/naviguer-mer-voilier-ecole-stage\/\"><strong>RETOUR PAGE MEMBRE<\/strong>S<\/a><\/p>\n","protected":false},"excerpt":{"rendered":"<p>R\u00e9servez Activit\u00e9 2026 RETOUR MENU PRINCIPAL&gt;CLIC RETOUR PAGE MENU ACTIVIT\u00cbS +INFOS RESERVER UN COURS DE VOILE> BASE DE LYON DECINES> TOUTES LES ACTIVITES BRIGANTINE NEWS>CLIC RESERVER ACTIVITES AGENDA PROGRAMME mode [&hellip;]<\/p>\n","protected":false},"author":1,"featured_media":0,"comment_status":"closed","ping_status":"closed","sticky":false,"template":"","format":"standard","meta":{"_crdt_document":"","_uf_show_specific_survey":0,"_uf_disable_surveys":false,"site-sidebar-layout":"default","site-content-layout":"","ast-site-content-layout":"normal-width-container","site-content-style":"default","site-sidebar-style":"default","ast-global-header-display":"","ast-banner-title-visibility":"","ast-main-header-display":"","ast-hfb-above-header-display":"","ast-hfb-below-header-display":"","ast-hfb-mobile-header-display":"","site-post-title":"disabled","ast-breadcrumbs-content":"","ast-featured-img":"","footer-sml-layout":"","ast-disable-related-posts":"","theme-transparent-header-meta":"","adv-header-id-meta":"","stick-header-meta":"","header-above-stick-meta":"","header-main-stick-meta":"","header-below-stick-meta":"","astra-migrate-meta-layouts":"set","ast-page-background-enabled":"default","ast-page-background-meta":{"desktop":{"background-color":"var(--ast-global-color-4)","background-image":"","background-repeat":"repeat","background-position":"center center","background-size":"auto","background-attachment":"scroll","background-type":"","background-media":"","overlay-type":"","overlay-color":"","overlay-opacity":"","overlay-gradient":""},"tablet":{"background-color":"","background-image":"","background-repeat":"repeat","background-position":"center center","background-size":"auto","background-attachment":"scroll","background-type":"","background-media":"","overlay-type":"","overlay-color":"","overlay-opacity":"","overlay-gradient":""},"mobile":{"background-color":"","background-image":"","background-repeat":"repeat","background-position":"center center","background-size":"auto","background-attachment":"scroll","background-type":"","background-media":"","overlay-type":"","overlay-color":"","overlay-opacity":"","overlay-gradient":""}},"ast-content-background-meta":{"desktop":{"background-color":"var(--ast-global-color-5)","background-image":"","background-repeat":"repeat","background-position":"center center","background-size":"auto","background-attachment":"scroll","background-type":"","background-media":"","overlay-type":"","overlay-color":"","overlay-opacity":"","overlay-gradient":""},"tablet":{"background-color":"var(--ast-global-color-5)","background-image":"","background-repeat":"repeat","background-position":"center center","background-size":"auto","background-attachment":"scroll","background-type":"","background-media":"","overlay-type":"","overlay-color":"","overlay-opacity":"","overlay-gradient":""},"mobile":{"background-color":"var(--ast-global-color-5)","background-image":"","background-repeat":"repeat","background-position":"center center","background-size":"auto","background-attachment":"scroll","background-type":"","background-media":"","overlay-type":"","overlay-color":"","overlay-opacity":"","overlay-gradient":""}},"_price":"","_stock":"","_tribe_ticket_header":"","_tribe_default_ticket_provider":"","_tribe_ticket_capacity":"","_ticket_start_date":"","_ticket_end_date":"","_tribe_ticket_show_description":"","_tribe_ticket_show_not_going":false,"_tribe_ticket_use_global_stock":"","_tribe_ticket_global_stock_level":"","_global_stock_mode":"","_global_stock_cap":"","_tribe_rsvp_for_event":"","_tribe_ticket_going_count":"","_tribe_ticket_not_going_count":"","_tribe_tickets_list":"[]","_tribe_ticket_has_attendee_info_fields":false,"_EventAllDay":false,"_EventTimezone":"","_EventStartDate":"","_EventEndDate":"","_EventStartDateUTC":"","_EventEndDateUTC":"","_EventShowMap":false,"_EventShowMapLink":false,"_EventURL":"","_EventCost":"","_EventCostDescription":"","_EventCurrencySymbol":"","_EventCurrencyCode":"","_EventCurrencyPosition":"","_EventDateTimeSeparator":"","_EventTimeRangeSeparator":"","_EventOrganizerID":[],"_EventVenueID":[],"_OrganizerEmail":"","_OrganizerPhone":"","_OrganizerWebsite":"","_VenueAddress":"","_VenueCity":"","_VenueCountry":"","_VenueProvince":"","_VenueState":"","_VenueZip":"","_VenuePhone":"","_VenueURL":"","_VenueStateProvince":"","_VenueLat":"","_VenueLng":"","_VenueShowMap":false,"_VenueShowMapLink":false,"jetpack_post_was_ever_published":false,"footnotes":"","jetpack_publicize_message":"","jetpack_publicize_feature_enabled":true,"jetpack_social_post_already_shared":false,"jetpack_social_options":{"image_generator_settings":{"template":"highway","default_image_id":0,"font":"","enabled":false},"version":2}},"categories":[8],"tags":[],"class_list":["post-37495","post","type-post","status-publish","format-standard","hentry","category-cours-de-voile-formation-croisiere"],"yoast_head":"<!-- This site is optimized with the Yoast SEO plugin v27.3 - https:\/\/yoast.com\/product\/yoast-seo-wordpress\/ -->\n<title>RESERVER ACTIVIT\u00c9S 2026 programme calendrier - BRIGANTINE<\/title>\n<meta name=\"description\" content=\"R\u00e9server une activit\u00e9e Brigantine 2026 avec le programme calendrier\" \/>\n<meta name=\"robots\" content=\"index, follow, max-snippet:-1, max-image-preview:large, max-video-preview:-1\" \/>\n<link rel=\"canonical\" href=\"https:\/\/ceylou.com\/wordpress\/reserver-activites\/\" \/>\n<meta property=\"og:locale\" content=\"fr_FR\" \/>\n<meta property=\"og:type\" content=\"article\" \/>\n<meta property=\"og:title\" content=\"RESERVER ACTIVIT\u00c9S 2026 programme calendrier - BRIGANTINE\" \/>\n<meta property=\"og:description\" content=\"R\u00e9server une activit\u00e9e Brigantine 2026 avec le programme calendrier\" \/>\n<meta property=\"og:url\" content=\"https:\/\/ceylou.com\/wordpress\/reserver-activites\/\" \/>\n<meta property=\"og:site_name\" content=\"BRIGANTINE\" \/>\n<meta property=\"article:publisher\" content=\"https:\/\/www.facebook.com\/groups\/693945317450065\" \/>\n<meta property=\"article:published_time\" content=\"2025-12-14T02:25:24+00:00\" \/>\n<meta property=\"article:modified_time\" content=\"2026-03-29T23:02:31+00:00\" \/>\n<meta property=\"og:image\" content=\"https:\/\/i0.wp.com\/ceylou.com\/wordpress\/wp-content\/uploads\/2022\/11\/Stages-voile-Brigantine-SO349.png?fit=480%2C306&ssl=1\" \/>\n\t<meta property=\"og:image:width\" content=\"480\" \/>\n\t<meta property=\"og:image:height\" content=\"306\" \/>\n\t<meta property=\"og:image:type\" content=\"image\/png\" \/>\n<meta name=\"author\" content=\"Morpho\" \/>\n<meta name=\"twitter:card\" content=\"summary_large_image\" \/>\n<meta name=\"twitter:label1\" content=\"\u00c9crit par\" \/>\n\t<meta name=\"twitter:data1\" content=\"Morpho\" \/>\n\t<meta name=\"twitter:label2\" content=\"Dur\u00e9e de lecture estim\u00e9e\" \/>\n\t<meta name=\"twitter:data2\" content=\"6 minutes\" \/>\n<script type=\"application\/ld+json\" class=\"yoast-schema-graph\">{\"@context\":\"https:\\\/\\\/schema.org\",\"@graph\":[{\"@type\":\"Article\",\"@id\":\"https:\\\/\\\/ceylou.com\\\/wordpress\\\/reserver-activites\\\/#article\",\"isPartOf\":{\"@id\":\"https:\\\/\\\/ceylou.com\\\/wordpress\\\/reserver-activites\\\/\"},\"author\":{\"name\":\"Morpho\",\"@id\":\"https:\\\/\\\/ceylou.com\\\/wordpress\\\/#\\\/schema\\\/person\\\/0f6625c6cd3267bec1d8e7c9024f8570\"},\"headline\":\"RESERVER ACTIVIT\u00c9S 2026 programme calendrier\",\"datePublished\":\"2025-12-14T02:25:24+00:00\",\"dateModified\":\"2026-03-29T23:02:31+00:00\",\"mainEntityOfPage\":{\"@id\":\"https:\\\/\\\/ceylou.com\\\/wordpress\\\/reserver-activites\\\/\"},\"wordCount\":1108,\"publisher\":{\"@id\":\"https:\\\/\\\/ceylou.com\\\/wordpress\\\/#organization\"},\"articleSection\":[\"Cours\"],\"inLanguage\":\"fr-FR\"},{\"@type\":\"WebPage\",\"@id\":\"https:\\\/\\\/ceylou.com\\\/wordpress\\\/reserver-activites\\\/\",\"url\":\"https:\\\/\\\/ceylou.com\\\/wordpress\\\/reserver-activites\\\/\",\"name\":\"RESERVER ACTIVIT\u00c9S 2026 programme calendrier - BRIGANTINE\",\"isPartOf\":{\"@id\":\"https:\\\/\\\/ceylou.com\\\/wordpress\\\/#website\"},\"datePublished\":\"2025-12-14T02:25:24+00:00\",\"dateModified\":\"2026-03-29T23:02:31+00:00\",\"description\":\"R\u00e9server une activit\u00e9e Brigantine 2026 avec le programme calendrier\",\"breadcrumb\":{\"@id\":\"https:\\\/\\\/ceylou.com\\\/wordpress\\\/reserver-activites\\\/#breadcrumb\"},\"inLanguage\":\"fr-FR\",\"potentialAction\":[{\"@type\":\"ReadAction\",\"target\":[\"https:\\\/\\\/ceylou.com\\\/wordpress\\\/reserver-activites\\\/\"]}]},{\"@type\":\"BreadcrumbList\",\"@id\":\"https:\\\/\\\/ceylou.com\\\/wordpress\\\/reserver-activites\\\/#breadcrumb\",\"itemListElement\":[{\"@type\":\"ListItem\",\"position\":1,\"name\":\"Accueil\",\"item\":\"https:\\\/\\\/ceylou.com\\\/wordpress\\\/\"},{\"@type\":\"ListItem\",\"position\":2,\"name\":\"RESERVER ACTIVIT\u00c9S 2026 programme calendrier\"}]},{\"@type\":\"WebSite\",\"@id\":\"https:\\\/\\\/ceylou.com\\\/wordpress\\\/#website\",\"url\":\"https:\\\/\\\/ceylou.com\\\/wordpress\\\/\",\"name\":\"BRIGANTINE\",\"description\":\"premi\u00e8re \u00e9cole de voile diff\u00e9rente\",\"publisher\":{\"@id\":\"https:\\\/\\\/ceylou.com\\\/wordpress\\\/#organization\"},\"alternateName\":\"BRIGANTINE ECOLE DE VOILE\",\"potentialAction\":[{\"@type\":\"SearchAction\",\"target\":{\"@type\":\"EntryPoint\",\"urlTemplate\":\"https:\\\/\\\/ceylou.com\\\/wordpress\\\/?s={search_term_string}\"},\"query-input\":{\"@type\":\"PropertyValueSpecification\",\"valueRequired\":true,\"valueName\":\"search_term_string\"}}],\"inLanguage\":\"fr-FR\"},{\"@type\":\"Organization\",\"@id\":\"https:\\\/\\\/ceylou.com\\\/wordpress\\\/#organization\",\"name\":\"ceylou.com Brigantine\",\"url\":\"https:\\\/\\\/ceylou.com\\\/wordpress\\\/\",\"logo\":{\"@type\":\"ImageObject\",\"inLanguage\":\"fr-FR\",\"@id\":\"https:\\\/\\\/ceylou.com\\\/wordpress\\\/#\\\/schema\\\/logo\\\/image\\\/\",\"url\":\"https:\\\/\\\/ceylou.com\\\/wordpress\\\/wp-content\\\/uploads\\\/2019\\\/10\\\/cropped-Brig-Accueil-haut-3.png\",\"contentUrl\":\"https:\\\/\\\/ceylou.com\\\/wordpress\\\/wp-content\\\/uploads\\\/2019\\\/10\\\/cropped-Brig-Accueil-haut-3.png\",\"width\":2030,\"height\":308,\"caption\":\"ceylou.com Brigantine\"},\"image\":{\"@id\":\"https:\\\/\\\/ceylou.com\\\/wordpress\\\/#\\\/schema\\\/logo\\\/image\\\/\"},\"sameAs\":[\"https:\\\/\\\/www.facebook.com\\\/groups\\\/693945317450065\",\"https:\\\/\\\/www.youtube.com\\\/user\\\/ceylou1\\\/playlists?view_as=public\"]},{\"@type\":\"Person\",\"@id\":\"https:\\\/\\\/ceylou.com\\\/wordpress\\\/#\\\/schema\\\/person\\\/0f6625c6cd3267bec1d8e7c9024f8570\",\"name\":\"Morpho\",\"image\":{\"@type\":\"ImageObject\",\"inLanguage\":\"fr-FR\",\"@id\":\"https:\\\/\\\/secure.gravatar.com\\\/avatar\\\/1b87e9d64776bdccd82f0b6c28cefa1fdb34ae24d0c2051141545d4df78c820e?s=96&d=identicon&r=g\",\"url\":\"https:\\\/\\\/secure.gravatar.com\\\/avatar\\\/1b87e9d64776bdccd82f0b6c28cefa1fdb34ae24d0c2051141545d4df78c820e?s=96&d=identicon&r=g\",\"contentUrl\":\"https:\\\/\\\/secure.gravatar.com\\\/avatar\\\/1b87e9d64776bdccd82f0b6c28cefa1fdb34ae24d0c2051141545d4df78c820e?s=96&d=identicon&r=g\",\"caption\":\"Morpho\"},\"url\":\"https:\\\/\\\/ceylou.com\\\/wordpress\\\/author\\\/ceylou\\\/\"}]}<\/script>\n<!-- \/ Yoast SEO plugin. -->","yoast_head_json":{"title":"RESERVER ACTIVIT\u00c9S 2026 programme calendrier - BRIGANTINE","description":"R\u00e9server une activit\u00e9e Brigantine 2026 avec le programme calendrier","robots":{"index":"index","follow":"follow","max-snippet":"max-snippet:-1","max-image-preview":"max-image-preview:large","max-video-preview":"max-video-preview:-1"},"canonical":"https:\/\/ceylou.com\/wordpress\/reserver-activites\/","og_locale":"fr_FR","og_type":"article","og_title":"RESERVER ACTIVIT\u00c9S 2026 programme calendrier - BRIGANTINE","og_description":"R\u00e9server une activit\u00e9e Brigantine 2026 avec le programme calendrier","og_url":"https:\/\/ceylou.com\/wordpress\/reserver-activites\/","og_site_name":"BRIGANTINE","article_publisher":"https:\/\/www.facebook.com\/groups\/693945317450065","article_published_time":"2025-12-14T02:25:24+00:00","article_modified_time":"2026-03-29T23:02:31+00:00","og_image":[{"width":480,"height":306,"url":"https:\/\/i0.wp.com\/ceylou.com\/wordpress\/wp-content\/uploads\/2022\/11\/Stages-voile-Brigantine-SO349.png?fit=480%2C306&ssl=1","type":"image\/png"}],"author":"Morpho","twitter_card":"summary_large_image","twitter_misc":{"\u00c9crit par":"Morpho","Dur\u00e9e de lecture estim\u00e9e":"6 minutes"},"schema":{"@context":"https:\/\/schema.org","@graph":[{"@type":"Article","@id":"https:\/\/ceylou.com\/wordpress\/reserver-activites\/#article","isPartOf":{"@id":"https:\/\/ceylou.com\/wordpress\/reserver-activites\/"},"author":{"name":"Morpho","@id":"https:\/\/ceylou.com\/wordpress\/#\/schema\/person\/0f6625c6cd3267bec1d8e7c9024f8570"},"headline":"RESERVER ACTIVIT\u00c9S 2026 programme calendrier","datePublished":"2025-12-14T02:25:24+00:00","dateModified":"2026-03-29T23:02:31+00:00","mainEntityOfPage":{"@id":"https:\/\/ceylou.com\/wordpress\/reserver-activites\/"},"wordCount":1108,"publisher":{"@id":"https:\/\/ceylou.com\/wordpress\/#organization"},"articleSection":["Cours"],"inLanguage":"fr-FR"},{"@type":"WebPage","@id":"https:\/\/ceylou.com\/wordpress\/reserver-activites\/","url":"https:\/\/ceylou.com\/wordpress\/reserver-activites\/","name":"RESERVER ACTIVIT\u00c9S 2026 programme calendrier - BRIGANTINE","isPartOf":{"@id":"https:\/\/ceylou.com\/wordpress\/#website"},"datePublished":"2025-12-14T02:25:24+00:00","dateModified":"2026-03-29T23:02:31+00:00","description":"R\u00e9server une activit\u00e9e Brigantine 2026 avec le programme calendrier","breadcrumb":{"@id":"https:\/\/ceylou.com\/wordpress\/reserver-activites\/#breadcrumb"},"inLanguage":"fr-FR","potentialAction":[{"@type":"ReadAction","target":["https:\/\/ceylou.com\/wordpress\/reserver-activites\/"]}]},{"@type":"BreadcrumbList","@id":"https:\/\/ceylou.com\/wordpress\/reserver-activites\/#breadcrumb","itemListElement":[{"@type":"ListItem","position":1,"name":"Accueil","item":"https:\/\/ceylou.com\/wordpress\/"},{"@type":"ListItem","position":2,"name":"RESERVER ACTIVIT\u00c9S 2026 programme calendrier"}]},{"@type":"WebSite","@id":"https:\/\/ceylou.com\/wordpress\/#website","url":"https:\/\/ceylou.com\/wordpress\/","name":"BRIGANTINE","description":"premi\u00e8re \u00e9cole de voile diff\u00e9rente","publisher":{"@id":"https:\/\/ceylou.com\/wordpress\/#organization"},"alternateName":"BRIGANTINE ECOLE DE VOILE","potentialAction":[{"@type":"SearchAction","target":{"@type":"EntryPoint","urlTemplate":"https:\/\/ceylou.com\/wordpress\/?s={search_term_string}"},"query-input":{"@type":"PropertyValueSpecification","valueRequired":true,"valueName":"search_term_string"}}],"inLanguage":"fr-FR"},{"@type":"Organization","@id":"https:\/\/ceylou.com\/wordpress\/#organization","name":"ceylou.com Brigantine","url":"https:\/\/ceylou.com\/wordpress\/","logo":{"@type":"ImageObject","inLanguage":"fr-FR","@id":"https:\/\/ceylou.com\/wordpress\/#\/schema\/logo\/image\/","url":"https:\/\/ceylou.com\/wordpress\/wp-content\/uploads\/2019\/10\/cropped-Brig-Accueil-haut-3.png","contentUrl":"https:\/\/ceylou.com\/wordpress\/wp-content\/uploads\/2019\/10\/cropped-Brig-Accueil-haut-3.png","width":2030,"height":308,"caption":"ceylou.com Brigantine"},"image":{"@id":"https:\/\/ceylou.com\/wordpress\/#\/schema\/logo\/image\/"},"sameAs":["https:\/\/www.facebook.com\/groups\/693945317450065","https:\/\/www.youtube.com\/user\/ceylou1\/playlists?view_as=public"]},{"@type":"Person","@id":"https:\/\/ceylou.com\/wordpress\/#\/schema\/person\/0f6625c6cd3267bec1d8e7c9024f8570","name":"Morpho","image":{"@type":"ImageObject","inLanguage":"fr-FR","@id":"https:\/\/secure.gravatar.com\/avatar\/1b87e9d64776bdccd82f0b6c28cefa1fdb34ae24d0c2051141545d4df78c820e?s=96&d=identicon&r=g","url":"https:\/\/secure.gravatar.com\/avatar\/1b87e9d64776bdccd82f0b6c28cefa1fdb34ae24d0c2051141545d4df78c820e?s=96&d=identicon&r=g","contentUrl":"https:\/\/secure.gravatar.com\/avatar\/1b87e9d64776bdccd82f0b6c28cefa1fdb34ae24d0c2051141545d4df78c820e?s=96&d=identicon&r=g","caption":"Morpho"},"url":"https:\/\/ceylou.com\/wordpress\/author\/ceylou\/"}]}},"jetpack_publicize_connections":[],"jetpack_featured_media_url":"","_links":{"self":[{"href":"https:\/\/ceylou.com\/wordpress\/wp-json\/wp\/v2\/posts\/37495","targetHints":{"allow":["GET"]}}],"collection":[{"href":"https:\/\/ceylou.com\/wordpress\/wp-json\/wp\/v2\/posts"}],"about":[{"href":"https:\/\/ceylou.com\/wordpress\/wp-json\/wp\/v2\/types\/post"}],"author":[{"embeddable":true,"href":"https:\/\/ceylou.com\/wordpress\/wp-json\/wp\/v2\/users\/1"}],"replies":[{"embeddable":true,"href":"https:\/\/ceylou.com\/wordpress\/wp-json\/wp\/v2\/comments?post=37495"}],"version-history":[{"count":8,"href":"https:\/\/ceylou.com\/wordpress\/wp-json\/wp\/v2\/posts\/37495\/revisions"}],"predecessor-version":[{"id":38971,"href":"https:\/\/ceylou.com\/wordpress\/wp-json\/wp\/v2\/posts\/37495\/revisions\/38971"}],"wp:attachment":[{"href":"https:\/\/ceylou.com\/wordpress\/wp-json\/wp\/v2\/media?parent=37495"}],"wp:term":[{"taxonomy":"category","embeddable":true,"href":"https:\/\/ceylou.com\/wordpress\/wp-json\/wp\/v2\/categories?post=37495"},{"taxonomy":"post_tag","embeddable":true,"href":"https:\/\/ceylou.com\/wordpress\/wp-json\/wp\/v2\/tags?post=37495"}],"curies":[{"name":"wp","href":"https:\/\/api.w.org\/{rel}","templated":true}]}}